{"id":70008,"date":"2018-10-08T00:00:00","date_gmt":"2018-10-08T06:00:00","guid":{"rendered":"https:\/\/dralvarez.com.mx\/larevista\/blog\/moreno-cardenas-convoca-a-nueva-legislatura-a-trabajar-unidos-por-el-desarrollo-de-campeche-30112"},"modified":"2018-10-08T00:00:00","modified_gmt":"2018-10-08T06:00:00","slug":"moreno-cardenas-convoca-a-nueva-legislatura-a-trabajar-unidos-por-el-desarrollo-de-campeche-30112","status":"publish","type":"post","link":"https:\/\/dralvarez.com.mx\/larevista\/compeche\/moreno-cardenas-convoca-a-nueva-legislatura-a-trabajar-unidos-por-el-desarrollo-de-campeche-30112","title":{"rendered":"Moreno C\u00e1rdenas convoca a nueva legislatura a trabajar unidos por el desarrollo de Campeche"},"content":{"rendered":"<\/p>\n<p>A<br \/>\nconstruir unidos la soberan\u00eda econ\u00f3mica de Campeche sin claudicar en los<br \/>\nprincipios ni ceder al miedo ni a las divisiones, convoc\u00f3 el gobernador<br \/>\nAlejandro Moreno C\u00e1rdenas a los integrantes de la LXIII Legislatura local que<br \/>\ninici\u00f3 funciones.<\/p>\n<p>El<br \/>\ntitular del Poder Ejecutivo, quien acudi\u00f3 como invitado a la ceremonia de<br \/>\nconstituci\u00f3n e instalaci\u00f3n de la nueva c\u00e1mara de diputados para el per\u00edodo<br \/>\n2018-2021, precis\u00f3 que el crecimiento del estado requiere del respaldo de los<br \/>\ncongresistas para que, en el marco del respeto a la autonom\u00eda y pluralidad<br \/>\npol\u00edtica, se impulsen legislaciones vanguardistas que alienten el<br \/>\nemprendimiento; se gestionen mayores recursos ante el nuevo gobierno del<br \/>\npresidente electo Andr\u00e9s Manuel L\u00f3pez Obrador, y se apoyen mayores capacidades<br \/>\npresupuestales no para gasto corriente ni excesos indebidos, sino para fomentar<br \/>\nla infraestructura y vigorizar programas de desarrollo industrial, comercial y<br \/>\ntur\u00edstico.<\/p>\n<p>\u201cLa<br \/>\nsoberan\u00eda pol\u00edtica la logramos hace m\u00e1s de siglo y medio, pero a\u00fan nos falta<br \/>\nconstruir la soberan\u00eda econ\u00f3mica, pero esa gran tarea la podemos desarrollar<br \/>\njuntos e implica total transparencia en el manejo de los recursos p\u00fablicos,<br \/>\nrendici\u00f3n de cuentas y cero tolerancia a la corrupci\u00f3n, principios que han<br \/>\nregido en mi administraci\u00f3n\u201d, abund\u00f3.<\/p>\n<p>Asegur\u00f3<br \/>\nque es necesario fortalecer el trabajo en equipo para consolidar los resultados<br \/>\nen materia de crecimiento econ\u00f3mico, pues las bases ya est\u00e1n sentadas con la<br \/>\nconstrucci\u00f3n de obras que le cambiar\u00e1n el rostro a la entidad, el planteamiento<br \/>\ndel proyecto de infraestructura del Tren Maya del nuevo gobierno federal, el<br \/>\nestablecimiento de las zonas econ\u00f3micas especiales de El Carmen y Seybaplaya, y<br \/>\nlas condiciones de paz y tranquilidad social que motivan a empresas a invertir<br \/>\nen la entidad.<\/p>\n<p>En<br \/>\nla sesi\u00f3n solemne, el mandatario resalt\u00f3 que los campechanos merecen<br \/>\ngobernantes y representantes populares a la altura de los grandes retos y<br \/>\ndesaf\u00edos que tiene el estado, por lo que la pluralidad no es ni debe ser<br \/>\nbelicosidad.<\/p>\n<p>\u201cEs<br \/>\nmejor convenir que agredir, mejor acordar que hostigar, mejor construir que<br \/>\ndestruir; siempre tenemos que pensar en las familias campechanas\u201d, afirm\u00f3 el<br \/>\ngobernador tras resaltar que los mejores discursos de la tribuna legislativa<br \/>\nson los que aportan, proponen y construyen.<\/p>\n<p>Dijo<br \/>\nque los ciudadanos quieren acuerdos en su beneficio y no pleitos en su<br \/>\nperjuicio, y esperan que se resuelvan sus asuntos no que se compliquen m\u00e1s,<br \/>\npues la responsabilidad de gobernar es de los tres poderes. \u201cNo cedamos ning\u00fan<br \/>\ncent\u00edmetro al miedo ni a las divisiones y estemos unidos por Campeche y los<br \/>\ncampechanos\u201d, conmin\u00f3.<\/p>\n<p>Manifest\u00f3<br \/>\nque el crecimiento del estado empieza por la econom\u00eda, por lo que es momento de<br \/>\nhacer pol\u00edtica no solo para ganar posiciones, sino para construir y consolidar<br \/>\nla fortaleza econ\u00f3mica del estado.<\/p>\n<p>Record\u00f3<br \/>\nque como parte de lo que se ten\u00eda que hacer para impulsar el crecimiento, se<br \/>\ntrabaj\u00f3 coordinadamente con la anterior legislatura en un marco de respeto,<br \/>\ncordialidad y pluralidad, atendiendo los se\u00f1alamientos y recomendaciones.<\/p>\n<p>Coment\u00f3<br \/>\nque incluso a quienes les generaba pol\u00e9mica lo que se quer\u00eda hacer por el<br \/>\nestado, les pregunt\u00f3: \u00bfCu\u00e1nto m\u00e1s debemos esperar? \u00bfCu\u00e1nto tiempo debemos estar<br \/>\nsin que Campeche se mueva? \u00bfCu\u00e1nto tiempo necesita Campeche estar parado para<br \/>\nque todos trabajemos juntos y en equipo?<\/p>\n<p>\u201cNo<br \/>\nacept\u00e9 ni aceptar\u00e9 jam\u00e1s la idea de que hay que ir despacio. Tengo claro que<br \/>\nhay que caminar antes de correr pero tambi\u00e9n tengo claro que es mejor caminar,<br \/>\nque quedarse quieto. A pesar de los retos, no nos rendimos\u201d, remarc\u00f3 el titular<br \/>\ndel Poder Ejecutivo.<\/p>\n<p>Desde<br \/>\nla tribuna del congreso local, Moreno C\u00e1rdenas puntualiz\u00f3 que el mensaje que<br \/>\nenviaba a los diputados es de voluntad de colaboraci\u00f3n y de cordialidad, por lo<br \/>\nque con su presencia extend\u00eda la mano como amigo, ciudadano, campechano y con<br \/>\npleno respeto de gobernador a legislador.<\/p>\n<p><b>Nuevo cap\u00edtulo<br \/>\nen la vida pol\u00edtica,&nbsp;<\/b><b>econ\u00f3mica y<br \/>\nsocial de El Carmen<\/b><\/p>\n<p>Por<br \/>\notra parte, al aseverar que con la nueva administraci\u00f3n municipal que encabeza<br \/>\nOscar Rosas Gonz\u00e1lez inicia un nuevo cap\u00edtulo de la vida pol\u00edtica, econ\u00f3mica y<br \/>\nsocial de El Carmen, el gobernador Alejandro Moreno C\u00e1rdenas ratific\u00f3 que quien<br \/>\nhaya cometido actos de corrupci\u00f3n, conforme a derecho, debe ser auditado,<br \/>\ninvestigado, sancionado y castigado con todo el rigor de la ley.<\/p>\n<p>Durante<br \/>\nel acto de presentaci\u00f3n del proyecto \u201cCarmen 18-21.Un Gobierno de<br \/>\nOportunidades\u201d, que realiz\u00f3 el alcalde electo Oscar Rosas Gonz\u00e1lez, en el<br \/>\npolideportivo del campus II de la Unacar, Moreno C\u00e1rdenas puntualiz\u00f3 que la<br \/>\ndemocracia se construye con la participaci\u00f3n de todos, pero sobre todo con el<br \/>\nrespeto a las reglas que rigen en la vida democr\u00e1tica.<\/p>\n<p>\u201cQuien<br \/>\nse burla de la voluntad democr\u00e1tica de los ciudadanos, quien violente el orden<br \/>\nlegal tiene todos los riesgos y tiene la facultad clara de enfrentar lo que<br \/>\nmarca la ley. Si alguien fue tan corrupto como se presume, que se atenga a las<br \/>\nconsecuencias de sus actos y que enfrente la justicia\u201d, cit\u00f3.<\/p>\n<p>El<br \/>\nmandatario asever\u00f3 que este municipio no merece pol\u00edticos de baja categor\u00eda,<br \/>\npues nada ni nadie est\u00e1 por encima de la ley, y muchos menos alguien que<br \/>\nprotest\u00f3 cumplirla y hacerla cumplir hace tres a\u00f1os. <\/p>\n<p>En<br \/>\nun contundente discurso que pronunci\u00f3 ante cientos de carmelitas, Moreno<br \/>\nC\u00e1rdenas sostuvo que tras el triunfo de Rosas Gonz\u00e1lez es momento de darle<br \/>\nvuelta a la p\u00e1gina electoral, ya que inicia un nuevo cap\u00edtulo de la vida<br \/>\npol\u00edtica de El Carmen para consolidarlo como la capital econ\u00f3mica de Campeche y<br \/>\nmunicipio ejemplo a nivel nacional.<\/p>\n<p>Puntualiz\u00f3<br \/>\nque su gobierno respaldar\u00e1 totalmente a las nuevas autoridades municipales para<br \/>\nque se aprovechen las grandes oportunidades de desarrollo industrial, comercial<br \/>\ny energ\u00e9tico que tiene esta regi\u00f3n con el establecimiento de la Zona Econ\u00f3mica<br \/>\nEspecial y se concreten las grandes obras de infraestructura carretera,<br \/>\ndeportiva y tur\u00edstica que present\u00f3 el nuevo presidente municipal carmelita.<\/p>\n<p>Apunt\u00f3<br \/>\nque conjuntamente con el municipio trabajar\u00e1 en equipo e intensificar\u00e1<br \/>\ngestiones ante las autoridades federales, para lograr m\u00e1s recursos y programas<br \/>\nque contribuyan a generar empleos y mejorar la calidad de vida de las familias<br \/>\ncarmelitas.<\/p>\n<p><\/p>\n","protected":false},"excerpt":{"rendered":"<p>El gobernador Alejandro Moreno C\u00e1rdenas, asisti\u00f3 a la toma de protesta de Oscar Rosas Gonz\u00e1lez como alcalde del municipio de El Carmen<\/p>\n","protected":false},"author":1018,"featured_media":0,"comment_status":"open","ping_status":"open","sticky":false,"template":"","format":"standard","meta":{"tdm_status":"","tdm_grid_status":"","footnotes":""},"categories":[27],"tags":[],"_links":{"self":[{"href":"https:\/\/dralvarez.com.mx\/larevista\/wp-json\/wp\/v2\/posts\/70008"}],"collection":[{"href":"https:\/\/dralvarez.com.mx\/larevista\/wp-json\/wp\/v2\/posts"}],"about":[{"href":"https:\/\/dralvarez.com.mx\/larevista\/wp-json\/wp\/v2\/types\/post"}],"author":[{"embeddable":true,"href":"https:\/\/dralvarez.com.mx\/larevista\/wp-json\/wp\/v2\/users\/1018"}],"replies":[{"embeddable":true,"href":"https:\/\/dralvarez.com.mx\/larevista\/wp-json\/wp\/v2\/comments?post=70008"}],"version-history":[{"count":0,"href":"https:\/\/dralvarez.com.mx\/larevista\/wp-json\/wp\/v2\/posts\/70008\/revisions"}],"wp:attachment":[{"href":"https:\/\/dralvarez.com.mx\/larevista\/wp-json\/wp\/v2\/media?parent=70008"}],"wp:term":[{"taxonomy":"category","embeddable":true,"href":"https:\/\/dralvarez.com.mx\/larevista\/wp-json\/wp\/v2\/categories?post=70008"},{"taxonomy":"post_tag","embeddable":true,"href":"https:\/\/dralvarez.com.mx\/larevista\/wp-json\/wp\/v2\/tags?post=70008"}],"curies":[{"name":"wp","href":"https:\/\/api.w.org\/{rel}","templated":true}]}}