{"id":69999,"date":"2018-10-08T00:00:00","date_gmt":"2018-10-08T06:00:00","guid":{"rendered":"https:\/\/dralvarez.com.mx\/larevista\/blog\/28-jornaleros-campechanos-viajan-a-michoacan-para-trabajar-en-cultivo-de-hortalizas-30103"},"modified":"2018-10-08T00:00:00","modified_gmt":"2018-10-08T06:00:00","slug":"28-jornaleros-campechanos-viajan-a-michoacan-para-trabajar-en-cultivo-de-hortalizas-30103","status":"publish","type":"post","link":"https:\/\/dralvarez.com.mx\/larevista\/compeche\/28-jornaleros-campechanos-viajan-a-michoacan-para-trabajar-en-cultivo-de-hortalizas-30103","title":{"rendered":"28 jornaleros campechanos viajan a Michoac\u00e1n para trabajar en cultivo de hortalizas"},"content":{"rendered":"<p>Un total de 28 jornaleros integrados al Subprograma de Movilidad Laboral Agr\u00edcola a cargo de la Secretar\u00eda de Trabajo y Previsi\u00f3n Social del Estado de Campeche (STPSCAM), viajaron a Michoac\u00e1n para integrarse, durante seis meses, al cultivo y cosecha de pimiento, tomate y pepino para laborar en la empresa \u201cAsesor\u00eda el Rosal S.A. de C.V., esto como parte de las acciones que se realizan a trav\u00e9s del Servicio Nacional de Empleo (SNE) al brindar nuevas oportunidades a los campechanos.<\/p>\n<p>El Titular de la STPSCAM, Jorge Radam\u00e9s Romero Bock, acompa\u00f1ado del Director del SNE, Pedro Alberto S\u00e1nchez Guerrero y la Coordinadora de Movilidad Laboral del SNE, Celsa Mart\u00ednez Delgado, despidieron a los jornaleros campechanos y los exhortaron a aprovechar las condiciones que se les brindan para desarrollarse en esta nueva etapa de trabajo y que habr\u00e1n de desempe\u00f1ar en el municipio de la Piedad en la entidad michoacana.<\/p>\n<p>Los jornaleros, son originarios de las localidades de Nayarit de Castellot, Carlos Salinas y Chilam Balam del municipio de Champot\u00f3n; como tambi\u00e9n de \u201c5 de Febrero\u201d del municipio de Esc\u00e1rcega; Pablo Garc\u00eda de Calakmul y de Alfredo V. Bonfil de Campeche.<\/p>\n<p>Recibir\u00e1n habitaci\u00f3n con servicios b\u00e1sicos y acondicionadas con lo necesario para la elaboraci\u00f3n de sus alimentos, incentivos de productividad y otras prestaciones, adem\u00e1s se les trasladar\u00e1 hasta el lugar y durante los d\u00edas de viaje se les otorgar\u00e1n sus alimentos.<\/p>\n<p>El Subprograma de Movilidad Laboral Sector Agr\u00edcola, vincula a jornaleros y se les otorgan apoyos econ\u00f3micos para su movilidad, desde su lugar de origen a las zonas de destino, y viceversa.<\/p>\n","protected":false},"excerpt":{"rendered":"<p>Un total de 28 jornaleros integrados al Subprograma de Movilidad Laboral Agr\u00edcola<\/p>\n","protected":false},"author":1018,"featured_media":0,"comment_status":"open","ping_status":"open","sticky":false,"template":"","format":"standard","meta":{"tdm_status":"","tdm_grid_status":"","footnotes":""},"categories":[27],"tags":[],"_links":{"self":[{"href":"https:\/\/dralvarez.com.mx\/larevista\/wp-json\/wp\/v2\/posts\/69999"}],"collection":[{"href":"https:\/\/dralvarez.com.mx\/larevista\/wp-json\/wp\/v2\/posts"}],"about":[{"href":"https:\/\/dralvarez.com.mx\/larevista\/wp-json\/wp\/v2\/types\/post"}],"author":[{"embeddable":true,"href":"https:\/\/dralvarez.com.mx\/larevista\/wp-json\/wp\/v2\/users\/1018"}],"replies":[{"embeddable":true,"href":"https:\/\/dralvarez.com.mx\/larevista\/wp-json\/wp\/v2\/comments?post=69999"}],"version-history":[{"count":0,"href":"https:\/\/dralvarez.com.mx\/larevista\/wp-json\/wp\/v2\/posts\/69999\/revisions"}],"wp:attachment":[{"href":"https:\/\/dralvarez.com.mx\/larevista\/wp-json\/wp\/v2\/media?parent=69999"}],"wp:term":[{"taxonomy":"category","embeddable":true,"href":"https:\/\/dralvarez.com.mx\/larevista\/wp-json\/wp\/v2\/categories?post=69999"},{"taxonomy":"post_tag","embeddable":true,"href":"https:\/\/dralvarez.com.mx\/larevista\/wp-json\/wp\/v2\/tags?post=69999"}],"curies":[{"name":"wp","href":"https:\/\/api.w.org\/{rel}","templated":true}]}}