{"id":69966,"date":"2018-10-08T00:00:00","date_gmt":"2018-10-08T06:00:00","guid":{"rendered":"https:\/\/dralvarez.com.mx\/larevista\/blog\/conmemoran-dia-mundial-de-los-docentes-30067"},"modified":"2018-10-08T00:00:00","modified_gmt":"2018-10-08T06:00:00","slug":"conmemoran-dia-mundial-de-los-docentes-30067","status":"publish","type":"post","link":"https:\/\/dralvarez.com.mx\/larevista\/compeche\/conmemoran-dia-mundial-de-los-docentes-30067","title":{"rendered":"Conmemoran d\u00eda mundial de los docentes"},"content":{"rendered":"<\/p>\n<p>\u201cLa labor<br \/>\ndel docente es una tarea de entrega y preparaci\u00f3n, por eso significo este d\u00eda,<br \/>\nporque su trabajo es primordial para el desarrollo de nuestra sociedad, y la<br \/>\noportunidad de reconoc\u00e9rselos no se puede dejar pasar\u201d, asegur\u00f3 el secretario<br \/>\nde Educaci\u00f3n, Ricardo Medina Farf\u00e1n, al encabezar la ceremonia c\u00edvica efectuada<br \/>\nen la Escuela Secundaria T\u00e9cnica n\u00famero 28, en el marco del \u201cD\u00eda Mundial de los<br \/>\nDocentes\u201d.<\/p>\n<p>En este<br \/>\nacto organizado por la secci\u00f3n IV del Sindicato Nacional de Trabajadores de la<br \/>\nEducaci\u00f3n (SNTE), ante el secretario General, Mois\u00e9s Mass Cab, el funcionario<br \/>\nestatal destac\u00f3 el papel del personal frente a grupo, su alto impacto en el<br \/>\ndesarrollo social que impulsa la transformaci\u00f3n de la sociedad, incluso<br \/>\nconvirti\u00e9ndose en un l\u00edder en la comunidad.<\/p>\n<p>En el caso<br \/>\nde Campeche, recalc\u00f3 la importancia del magisterio, su participaci\u00f3n y voluntad<br \/>\npor transformar el Estado, por lo que reconoci\u00f3 su alto desempe\u00f1o para cumplir<br \/>\nsu encomienda de formaci\u00f3n con responsabilidad y para brindar educaci\u00f3n de<br \/>\ncalidad a los alumnos.<\/p>\n<p>Durante su<br \/>\nintervenci\u00f3n el l\u00edder sindical refrend\u00f3 el respaldo al colectivo docente, su<br \/>\nincansable esfuerzo y dedicaci\u00f3n a favor de la preparaci\u00f3n y formaci\u00f3n<br \/>\ncontinua, y recalc\u00f3 que esta fecha es el marco adecuado para destacar su papel<br \/>\nen la entidad; record\u00f3, en breve, que en la entidad se contar\u00e1 con el Centro de<br \/>\nFormaci\u00f3n Docente, que se gestion\u00f3 con la autoridad educativa local y el<br \/>\ngobierno estatal, para beneficio del magisterio.<\/p>\n<p>Es<br \/>\nimportante destacar que el \u201cD\u00eda Mundial de los Docentes\u201d fue establecido el 5<br \/>\nde octubre de 1994 por la Organizaci\u00f3n de las Naciones Unidas para la<br \/>\nEducaci\u00f3n, la Ciencia y la Cultura (UNESCO) y cada a\u00f1o se conmemora para<br \/>\ndignificar el trabajo que realizan en pro de la educaci\u00f3n y de M\u00e9xico. <\/p>\n<p><\/p>\n","protected":false},"excerpt":{"rendered":"<p>Secretario de Educaci\u00f3n encabeza ceremonia c\u00edvica<\/p>\n","protected":false},"author":1018,"featured_media":0,"comment_status":"open","ping_status":"open","sticky":false,"template":"","format":"standard","meta":{"tdm_status":"","tdm_grid_status":"","footnotes":""},"categories":[27],"tags":[],"_links":{"self":[{"href":"https:\/\/dralvarez.com.mx\/larevista\/wp-json\/wp\/v2\/posts\/69966"}],"collection":[{"href":"https:\/\/dralvarez.com.mx\/larevista\/wp-json\/wp\/v2\/posts"}],"about":[{"href":"https:\/\/dralvarez.com.mx\/larevista\/wp-json\/wp\/v2\/types\/post"}],"author":[{"embeddable":true,"href":"https:\/\/dralvarez.com.mx\/larevista\/wp-json\/wp\/v2\/users\/1018"}],"replies":[{"embeddable":true,"href":"https:\/\/dralvarez.com.mx\/larevista\/wp-json\/wp\/v2\/comments?post=69966"}],"version-history":[{"count":0,"href":"https:\/\/dralvarez.com.mx\/larevista\/wp-json\/wp\/v2\/posts\/69966\/revisions"}],"wp:attachment":[{"href":"https:\/\/dralvarez.com.mx\/larevista\/wp-json\/wp\/v2\/media?parent=69966"}],"wp:term":[{"taxonomy":"category","embeddable":true,"href":"https:\/\/dralvarez.com.mx\/larevista\/wp-json\/wp\/v2\/categories?post=69966"},{"taxonomy":"post_tag","embeddable":true,"href":"https:\/\/dralvarez.com.mx\/larevista\/wp-json\/wp\/v2\/tags?post=69966"}],"curies":[{"name":"wp","href":"https:\/\/api.w.org\/{rel}","templated":true}]}}