{"id":69917,"date":"2018-10-04T00:00:00","date_gmt":"2018-10-04T06:00:00","guid":{"rendered":"https:\/\/dralvarez.com.mx\/larevista\/blog\/christelle-castanon-de-moreno-felicita-a-directivos-de-oxxo-por-recibir-el-distintivo-gilberto-rincon-gallardo-en-reconocimiento-a-la-labor-30013"},"modified":"2018-10-04T00:00:00","modified_gmt":"2018-10-04T06:00:00","slug":"christelle-castanon-de-moreno-felicita-a-directivos-de-oxxo-por-recibir-el-distintivo-gilberto-rincon-gallardo-en-reconocimiento-a-la-labor-30013","status":"publish","type":"post","link":"https:\/\/dralvarez.com.mx\/larevista\/compeche\/christelle-castanon-de-moreno-felicita-a-directivos-de-oxxo-por-recibir-el-distintivo-gilberto-rincon-gallardo-en-reconocimiento-a-la-labor-30013","title":{"rendered":"Christelle Casta\u00f1\u00f3n De Moreno felicita a directivos  de Oxxo por recibir el distintivo \u201cGilberto rinc\u00f3n gallardo\u201d en reconocimiento a la labor."},"content":{"rendered":"<\/p>\n<p>La Presidenta del Patronato del DIF Estatal, Christelle Casta\u00f1\u00f3n de Moreno y la Directora General del SEDIF, Silvia Elena Parrao Arceo, felicitaron a los directivos de la cadena Oxxo por haber recibido el Distintivo \u201cGilberto Rinc\u00f3n Gallardo\u201d de la Secretar\u00eda de Trabajo y Previsi\u00f3n Social federal, por impulsar la inclusi\u00f3n laboral a trav\u00e9s de los Centros de Capacitaci\u00f3n Laboral Dirigida, en los municipios de El Carmen y Campeche, colocando a nuestra entidad como la \u00fanica con dos centros de este tipo.<\/p>\n<p>Cada a\u00f1o la STPS otorga la referida distinci\u00f3n a todos aquellos que implementen y operen pol\u00edticas laborales incluyentes, igualitarias y equitativas en beneficio de las y los trabajadores con alguna condici\u00f3n o situaci\u00f3n de vulnerabilidad<\/p>\n<p>El Centro de Capacitaci\u00f3n Laboral Dirigida (CCLD) OXXO-DIF, es una iniciativa de la empresa FEMSA Comercio y el Sistema DIF Estatal para beneficio de las personas en situaci\u00f3n de vulnerabilidad.<\/p>\n<p>En las oficinas del DIF Estatal, Casta\u00f1\u00f3n de Moreno, acompa\u00f1ada tambi\u00e9n por la Directora de Asistencia Social y Discapacidad, Magaly Medina Farf\u00e1n, felicit\u00f3, a Jos\u00e9 Adalberto Zum\u00e1rraga Novelo, Gerente de Operaciones OXXO y a Addy Paredes Novelo, Gerente de RH Yucat\u00e1n Campeche, quienes estuvieron acompa\u00f1ados por personal que atiende los centros y personas que han recibido la capacitaci\u00f3n.<\/p>\n<p>En el municipio de Campeche funciona un CCLD desde el mes de noviembre de 2017, en el Centro de Rehabilitaci\u00f3n y Educaci\u00f3n Especial (CREE), donde se ha formado a la primera generaci\u00f3n de seis personas que cuentan en la actualidad con empleo formal; en tanto el segundo Centro, en Carmen, funciona desde agosto del presente a\u00f1o en las instalaciones del Centro Regional de Rehabilitaci\u00f3n Integral (CRRI) &nbsp;y desde septiembre se encuentra capacitando tambi\u00e9n a un grupo de personas.<\/p>\n<p>Cada centro opera con una psic\u00f3loga, una maestra de educaci\u00f3n especial y personal del DIF, todos capacitados por instructores de la cadena Oxxo.<\/p><\/p>\n","protected":false},"excerpt":{"rendered":"<p>Campeche, ejemplo nacional por sus pol\u00edticas laborales incluyentes, y \u00fanico Estado en contar con dos centros de capacitaci\u00f3n laboral dirigida&#8230;<\/p>\n","protected":false},"author":1018,"featured_media":0,"comment_status":"open","ping_status":"open","sticky":false,"template":"","format":"standard","meta":{"tdm_status":"","tdm_grid_status":"","footnotes":""},"categories":[27],"tags":[],"_links":{"self":[{"href":"https:\/\/dralvarez.com.mx\/larevista\/wp-json\/wp\/v2\/posts\/69917"}],"collection":[{"href":"https:\/\/dralvarez.com.mx\/larevista\/wp-json\/wp\/v2\/posts"}],"about":[{"href":"https:\/\/dralvarez.com.mx\/larevista\/wp-json\/wp\/v2\/types\/post"}],"author":[{"embeddable":true,"href":"https:\/\/dralvarez.com.mx\/larevista\/wp-json\/wp\/v2\/users\/1018"}],"replies":[{"embeddable":true,"href":"https:\/\/dralvarez.com.mx\/larevista\/wp-json\/wp\/v2\/comments?post=69917"}],"version-history":[{"count":0,"href":"https:\/\/dralvarez.com.mx\/larevista\/wp-json\/wp\/v2\/posts\/69917\/revisions"}],"wp:attachment":[{"href":"https:\/\/dralvarez.com.mx\/larevista\/wp-json\/wp\/v2\/media?parent=69917"}],"wp:term":[{"taxonomy":"category","embeddable":true,"href":"https:\/\/dralvarez.com.mx\/larevista\/wp-json\/wp\/v2\/categories?post=69917"},{"taxonomy":"post_tag","embeddable":true,"href":"https:\/\/dralvarez.com.mx\/larevista\/wp-json\/wp\/v2\/tags?post=69917"}],"curies":[{"name":"wp","href":"https:\/\/api.w.org\/{rel}","templated":true}]}}