{"id":69916,"date":"2018-10-04T00:00:00","date_gmt":"2018-10-04T06:00:00","guid":{"rendered":"https:\/\/dralvarez.com.mx\/larevista\/blog\/el-gobernador-alejandro-moreno-cardenas-encabezo-esta-manana-la-ceremonia-conmemorativa-del-cdlxxviii-30012"},"modified":"2018-10-04T00:00:00","modified_gmt":"2018-10-04T06:00:00","slug":"el-gobernador-alejandro-moreno-cardenas-encabezo-esta-manana-la-ceremonia-conmemorativa-del-cdlxxviii-30012","status":"publish","type":"post","link":"https:\/\/dralvarez.com.mx\/larevista\/compeche\/el-gobernador-alejandro-moreno-cardenas-encabezo-esta-manana-la-ceremonia-conmemorativa-del-cdlxxviii-30012","title":{"rendered":"El gobernador Alejandro Moreno C\u00e1rdenas encabez\u00f3 esta ma\u00f1ana la ceremonia conmemorativa del CDLXXVIII"},"content":{"rendered":"<p>El gobernador Alejandro Moreno C\u00e1rdenas encabez\u00f3 esta ma\u00f1ana la ceremonia conmemorativa del CDLXXVIII aniversario de la fundaci\u00f3n de San Francisco de Campeche, en la plaza 04 de Octubre, donde se coloc\u00f3 una ofrenda floral y mont\u00f3 guardia de honor. Estuvieron presentes el secretario general de Gobierno, Carlos Miguel Aysa Gonz\u00e1lez y los titulares de los poderes Legislativo y Judicial, Ram\u00f3n M\u00e9ndez Lanz y Miguel \u00c1ngel Chuc L\u00f3pez, respectivamente, entre otras autoridades civiles y militares.<\/p>\n<div>\n<p><b>Entrevista al gobernador del estado, Alejandro moreno<br \/>\nc\u00e1rdenas, al t\u00e9rmino d<\/b><b>e la ofrenda floral y guardia de honor para<br \/>\nconmemorar el CDLXXVIII a<\/b><b>niversario de la fundaci\u00f3n de san francisco de Campeche<\/b><\/p>\n<p>Pregunta.- Su opini\u00f3n respecto a las declaraciones que hizo el Gobernador electo de Tabasco en cuanto a que Pemex podr\u00eda estar llegando a instalarse a ese Estado.<\/p>\n<p>Gobernador Alejandro Moreno C\u00e1rdenas.- Bueno, primero, much\u00edsimas gracias por estar hoy ac\u00e1, temprano\u2026 Como siempre, comprometido con la gesti\u00f3n, la gesti\u00f3n es muy importante, el trabajo coordinado con los tres \u00f3rdenes de gobierno. Quiero manifestar, como lo hemos hecho desde un inicio de esta administraci\u00f3n, el di\u00e1logo, el acuerdo, el trabajo pol\u00edtico es la base, fundamental, para que al Estado le vaya muy bien. Nosotros respetamos las declaraciones del gobernador electo del Estado de Tabasco, de Ad\u00e1n Augusto L\u00f3pez, y nosotros estaremos trabajando en nuestra gesti\u00f3n, permanentemente. Hay un compromiso claro, un compromiso con el pueblo campechano que anunci\u00f3 el presidente electo, el licenciado Andr\u00e9s Manuel L\u00f3pez Obrador, nosotros estamos trabajando desde el primer d\u00eda de la administraci\u00f3n. Aqu\u00ed en Campeche, en Carmen precisamente, estuvo la ingeniera Roc\u00edo Nahle quien ser\u00e1 la propuesta de la Secretar\u00eda de Energ\u00eda para el pr\u00f3ximo Gobierno de la Rep\u00fablica; estuvo quien, en su momento, ser\u00e1 la propuesta para Director General de Petr\u00f3leos Mexicanos y, bueno, fue un compromiso que se estableci\u00f3.<\/p>\n<p>Nosotros no tenemos ninguna duda de que el presidente electo, el licenciado Andr\u00e9s Manuel L\u00f3pez Obrador, cumplir\u00e1 con todos y cada uno de sus compromisos con Campeche. As\u00ed lo hemos manifestado y as\u00ed lo ha manifestado en todas las reuniones que se han sostenido y, bueno, pues as\u00ed es, son los comentarios, las declaraciones pero si vemos t\u00e1citamente como est\u00e1 el acuerdo, bueno, ustedes saben que en dos Estados de la Rep\u00fablica, hoy, hab\u00eda presencia de las regiones marinas de gas, de algunos sectores importantes que integran Petr\u00f3leos Mexicanos y que hab\u00edan estado en el Estado de Campeche y en el Estado de Tabasco. Entonces, lo importante es que la Direcci\u00f3n General de Petr\u00f3leos Mexicanos y la mayor capacidad que tenga de instalaci\u00f3n, Petr\u00f3leos Mexicanos, se encuentren en el municipio de Carmen.<\/p>\n<p>Entonces, nosotros estaremos trabajando, estamos tranquilos, estamos comprometidos y, bueno, trabajando juntos para que este compromiso se cumpla, as\u00ed como lo estamos haciendo con el Tren Maya que es la inversi\u00f3n m\u00e1s importante de infraestructura en el sur sureste, que es de fortalecer a nuestra entidad en la integraci\u00f3n cultural, tur\u00edstica, de transporte. Y, bueno, las gestiones que tenemos con el nuevo Gobierno de la Rep\u00fablica, as\u00ed que vamos bien, estoy tranquilo, estoy contento, estamos echados para adelante.<br \/>Pr\u00f3ximamente tendremos la visita del presidente electo, bueno, y aqu\u00ed trabajaremos con\u2026 <\/p>\n<p>Pregunta.- \u00bfTiene fecha?<\/p>\n<p>Gobernador Alejandro Moreno C\u00e1rdenas.- Ya saben que esto luego tiene modificaciones, est\u00e1 prevista para el fin de semana del 13 de octubre\u2026 <\/p>\n<p>Pregunta.- \u00bfSer\u00e1 en Ciudad del Carmen?<\/p>\n<p>Gobernador Alejandro Moreno C\u00e1rdenas.- La presencia ser\u00e1 en Carmen, tendr\u00e1 un evento en Carmen, estaremos trabajando muy coordinadamente y creo que ser\u00e1 una reuni\u00f3n provechosa, importante para el Estado, para el pa\u00eds. Y, bueno, a lo largo de estas semanas hemos venido construyendo buena gesti\u00f3n, presentaremos nuestros proyectos, las gestiones del Estado y con la buena disposici\u00f3n del Gobierno de la Rep\u00fablica, as\u00ed que estaremos trabajando y a Campeche le va a ir muy bien.<\/p>\n<p>Pregunta.- \u00bfTendr\u00e1 alg\u00fan fundamento el gobernador electo de Tabasco para hacer estas declaraciones ante representantes de la CMIC?<\/p>\n<\/div>\n","protected":false},"excerpt":{"rendered":"<p>Aniversario de la fundaci\u00f3n de San Francisco de Campeche<\/p>\n","protected":false},"author":1018,"featured_media":0,"comment_status":"open","ping_status":"open","sticky":false,"template":"","format":"standard","meta":{"tdm_status":"","tdm_grid_status":"","footnotes":""},"categories":[27],"tags":[],"_links":{"self":[{"href":"https:\/\/dralvarez.com.mx\/larevista\/wp-json\/wp\/v2\/posts\/69916"}],"collection":[{"href":"https:\/\/dralvarez.com.mx\/larevista\/wp-json\/wp\/v2\/posts"}],"about":[{"href":"https:\/\/dralvarez.com.mx\/larevista\/wp-json\/wp\/v2\/types\/post"}],"author":[{"embeddable":true,"href":"https:\/\/dralvarez.com.mx\/larevista\/wp-json\/wp\/v2\/users\/1018"}],"replies":[{"embeddable":true,"href":"https:\/\/dralvarez.com.mx\/larevista\/wp-json\/wp\/v2\/comments?post=69916"}],"version-history":[{"count":0,"href":"https:\/\/dralvarez.com.mx\/larevista\/wp-json\/wp\/v2\/posts\/69916\/revisions"}],"wp:attachment":[{"href":"https:\/\/dralvarez.com.mx\/larevista\/wp-json\/wp\/v2\/media?parent=69916"}],"wp:term":[{"taxonomy":"category","embeddable":true,"href":"https:\/\/dralvarez.com.mx\/larevista\/wp-json\/wp\/v2\/categories?post=69916"},{"taxonomy":"post_tag","embeddable":true,"href":"https:\/\/dralvarez.com.mx\/larevista\/wp-json\/wp\/v2\/tags?post=69916"}],"curies":[{"name":"wp","href":"https:\/\/api.w.org\/{rel}","templated":true}]}}