{"id":69915,"date":"2018-10-04T00:00:00","date_gmt":"2018-10-04T06:00:00","guid":{"rendered":"https:\/\/dralvarez.com.mx\/larevista\/blog\/recibe-personal-de-la-apicam-en-seybaplaya-el-curso-de-capacitacion-de-brigadas-30011"},"modified":"2018-10-04T00:00:00","modified_gmt":"2018-10-04T06:00:00","slug":"recibe-personal-de-la-apicam-en-seybaplaya-el-curso-de-capacitacion-de-brigadas-30011","status":"publish","type":"post","link":"https:\/\/dralvarez.com.mx\/larevista\/compeche\/recibe-personal-de-la-apicam-en-seybaplaya-el-curso-de-capacitacion-de-brigadas-30011","title":{"rendered":"Recibe personal de la APICAM en Seybaplaya el curso de capacitaci\u00f3n de brigadas"},"content":{"rendered":"<p>La Secretar\u00eda de Protecci\u00f3n Civil del Gobierno del Estado (SEPROCI), a trav\u00e9s de la Direcci\u00f3n de Capacitaci\u00f3n, imparti\u00f3 el Curso de Brigadas a personal de la Administraci\u00f3n Portuaria Integral (APICAM) en Seybaplaya.<\/p>\n<p>El objetivo es que los brigadistas de Comunicaci\u00f3n, Evacuaci\u00f3n, y B\u00fasqueda y Rescate, de la APICAM, est\u00e9n preparados para activarse ante cualquier eventualidad. El tema de la instrucci\u00f3n fue Prevenci\u00f3n y Combate de Fuego.<\/p>\n<p>La din\u00e1mica de la capacitaci\u00f3n permite a quien la recibe experimentar las situaciones de emergencia y tener contacto con el equipo contra incendios, as\u00ed como reforzar los procedimientos t\u00e9cnicos y los protocolos de respuesta y contingencia. La instrucci\u00f3n se har\u00e1 extensiva tambi\u00e9n a personal que conforman las brigadas de Primeros Auxilios y de B\u00fasqueda  y Rescate.<\/p>\n","protected":false},"excerpt":{"rendered":"<p>El objetivo es que los brigadistas de Comunicaci\u00f3n, Evacuaci\u00f3n, y B\u00fasqueda y Rescate, de la APICAM, est\u00e9n preparados para activarse ante cualquier eve<\/p>\n","protected":false},"author":1018,"featured_media":0,"comment_status":"open","ping_status":"open","sticky":false,"template":"","format":"standard","meta":{"tdm_status":"","tdm_grid_status":"","footnotes":""},"categories":[27],"tags":[],"_links":{"self":[{"href":"https:\/\/dralvarez.com.mx\/larevista\/wp-json\/wp\/v2\/posts\/69915"}],"collection":[{"href":"https:\/\/dralvarez.com.mx\/larevista\/wp-json\/wp\/v2\/posts"}],"about":[{"href":"https:\/\/dralvarez.com.mx\/larevista\/wp-json\/wp\/v2\/types\/post"}],"author":[{"embeddable":true,"href":"https:\/\/dralvarez.com.mx\/larevista\/wp-json\/wp\/v2\/users\/1018"}],"replies":[{"embeddable":true,"href":"https:\/\/dralvarez.com.mx\/larevista\/wp-json\/wp\/v2\/comments?post=69915"}],"version-history":[{"count":0,"href":"https:\/\/dralvarez.com.mx\/larevista\/wp-json\/wp\/v2\/posts\/69915\/revisions"}],"wp:attachment":[{"href":"https:\/\/dralvarez.com.mx\/larevista\/wp-json\/wp\/v2\/media?parent=69915"}],"wp:term":[{"taxonomy":"category","embeddable":true,"href":"https:\/\/dralvarez.com.mx\/larevista\/wp-json\/wp\/v2\/categories?post=69915"},{"taxonomy":"post_tag","embeddable":true,"href":"https:\/\/dralvarez.com.mx\/larevista\/wp-json\/wp\/v2\/tags?post=69915"}],"curies":[{"name":"wp","href":"https:\/\/api.w.org\/{rel}","templated":true}]}}