{"id":69869,"date":"2018-10-04T00:00:00","date_gmt":"2018-10-04T06:00:00","guid":{"rendered":"https:\/\/dralvarez.com.mx\/larevista\/blog\/samantha-molina-canul-obtiene-primer-lugar-de-la-fase-estatal-del-concurso-la-juventud-y-la-mar-29964"},"modified":"2018-10-04T00:00:00","modified_gmt":"2018-10-04T06:00:00","slug":"samantha-molina-canul-obtiene-primer-lugar-de-la-fase-estatal-del-concurso-la-juventud-y-la-mar-29964","status":"publish","type":"post","link":"https:\/\/dralvarez.com.mx\/larevista\/compeche\/samantha-molina-canul-obtiene-primer-lugar-de-la-fase-estatal-del-concurso-la-juventud-y-la-mar-29964","title":{"rendered":"Samantha Molina Canul, obtiene primer lugar de la fase estatal del concurso \u201cla juventud y la mar\u201d"},"content":{"rendered":"<\/p>\n<p>Luego de analizar los 73 trabajos recibidos por parte de estudiantes campechanos, el jurado calificador eligi\u00f3 a la alumna Samantha Aketzalli Molina Canul, como ganadora del primer lugar de la fase estatal del XVIII Concurso Nacional de Expresi\u00f3n Literaria \u201cLa Juventud y la Mar\u201d.<\/p>\n<p>Fue en la Sala de Educadores de la Secretar\u00eda de Educaci\u00f3n (SEDUC), donde el jurado integrado por: Ana Cristina Sandoval Berzunza y Mildred Isabel Burgos Alvarado, especialistas en Lengua y Literatura Espa\u00f1ola; as\u00ed como Teresita Dur\u00e1n Vela, promotora Cultural y Acad\u00e9mica; y el teniente de Corbeta, Juan Carlos May Rosales, en representaci\u00f3n de la Tercera Regi\u00f3n Naval, que se seleccion\u00f3 a los tres ganadores de la etapa estatal de este certamen convocado por la Secretar\u00eda de Marina.<\/p>\n<p>Fue tras un riguroso an\u00e1lisis que se dictamin\u00f3 que la ganadora del primer lugar es la alumna Samantha Molina Canul &nbsp;de la Escuela Secundaria General n\u00famero 15 con su trabajo \u201cMarina Warrent\u201d; en tanto que el segundo lugar fue para David Emir Garc\u00eda Rivero de la Universidad Aut\u00f3noma de Carmen (UNACAR) con su obra \u201cOperaci\u00f3n Kraken\u201d; y el tercer puesto se le otorg\u00f3 a la joven Zenia Yenitzi Hern\u00e1ndez P\u00e9rez del Colegio de Estudios Cient\u00edficos y Tecnol\u00f3gicos de Campeche (CECYTEC) con el trabajo \u201cDeuda Ecol\u00f3gica\u201d.<\/p>\n<p>Es importante destacar que este concurso es convocado por la Secretar\u00eda de Marina en el marco de la celebraci\u00f3n del \u201cD\u00eda de la Armada de M\u00e9xico\u201d y promovido por la SEDUC con el objetivo de que los estudiantes de entre 13 y 17 a\u00f1os, expresen sus ideas y pensamientos respecto al mar y la conciencia ecol\u00f3gica, a trav\u00e9s de un escrito; adem\u00e1s de que se busca despertar en ellos el inter\u00e9s por las actividades mar\u00edtimas y navales.<\/p>\n<p>Cabe mencionar que los premios para el primer lugar consisten en un viaje a la Ciudad de M\u00e9xico y al puerto de Veracruz con gastos pagados por la Secretar\u00eda de Marina, para la ganadora y un familiar adulto, un diploma, un paquete de obras literarias, un regalo y una mochila; al segundo y tercer lugar se les reconoce con un diploma, obsequio y un paquete de obras literarias, para cada uno.<\/p>\n<p><\/p>\n","protected":false},"excerpt":{"rendered":"<p>Fue tras un riguroso an\u00e1lisis que se dictamin\u00f3 que la ganadora del primer lugar es la alumna Samantha Molina Canul<\/p>\n","protected":false},"author":1018,"featured_media":0,"comment_status":"open","ping_status":"open","sticky":false,"template":"","format":"standard","meta":{"tdm_status":"","tdm_grid_status":"","footnotes":""},"categories":[27],"tags":[],"_links":{"self":[{"href":"https:\/\/dralvarez.com.mx\/larevista\/wp-json\/wp\/v2\/posts\/69869"}],"collection":[{"href":"https:\/\/dralvarez.com.mx\/larevista\/wp-json\/wp\/v2\/posts"}],"about":[{"href":"https:\/\/dralvarez.com.mx\/larevista\/wp-json\/wp\/v2\/types\/post"}],"author":[{"embeddable":true,"href":"https:\/\/dralvarez.com.mx\/larevista\/wp-json\/wp\/v2\/users\/1018"}],"replies":[{"embeddable":true,"href":"https:\/\/dralvarez.com.mx\/larevista\/wp-json\/wp\/v2\/comments?post=69869"}],"version-history":[{"count":0,"href":"https:\/\/dralvarez.com.mx\/larevista\/wp-json\/wp\/v2\/posts\/69869\/revisions"}],"wp:attachment":[{"href":"https:\/\/dralvarez.com.mx\/larevista\/wp-json\/wp\/v2\/media?parent=69869"}],"wp:term":[{"taxonomy":"category","embeddable":true,"href":"https:\/\/dralvarez.com.mx\/larevista\/wp-json\/wp\/v2\/categories?post=69869"},{"taxonomy":"post_tag","embeddable":true,"href":"https:\/\/dralvarez.com.mx\/larevista\/wp-json\/wp\/v2\/tags?post=69869"}],"curies":[{"name":"wp","href":"https:\/\/api.w.org\/{rel}","templated":true}]}}