{"id":69849,"date":"2018-10-03T00:00:00","date_gmt":"2018-10-03T06:00:00","guid":{"rendered":"https:\/\/dralvarez.com.mx\/larevista\/blog\/exposicion-documental-y-fotografica-el-centro-historico-y-los-barrios-tradicionales-29943"},"modified":"2018-10-03T00:00:00","modified_gmt":"2018-10-03T06:00:00","slug":"exposicion-documental-y-fotografica-el-centro-historico-y-los-barrios-tradicionales-29943","status":"publish","type":"post","link":"https:\/\/dralvarez.com.mx\/larevista\/compeche\/exposicion-documental-y-fotografica-el-centro-historico-y-los-barrios-tradicionales-29943","title":{"rendered":"Exposici\u00f3n documental y fotogr\u00e1fica \u201cel centro hist\u00f3rico y los barrios tradicionales\u201d"},"content":{"rendered":"<p> partir del 4 de octubre y durante tres meses, el Gobierno del Estado de Campeche y la Secretar\u00eda General de Gobierno con el Archivo General del Estado (AGEC) realizar\u00e1n la Exposici\u00f3n Documental y Fotogr\u00e1fica &#8220;El Centro Hist\u00f3rico y los Barrios Tradicionales&#8221;.<\/p>\n<p>De esta manera las instancias de la administraci\u00f3n estatal se suman a las actividades conmemorativas por los 478 a\u00f1os de la Fundaci\u00f3n de la Villa de San Francisco de Campeche, ocurrida el 4 de octubre de 1540.<\/p>\n<p>La muestra integrada por un total de 67 piezas testimoniales, tres mapas, 12 documentos y 52 fotograf\u00edas, permiten apreciar el crecimiento y transformaci\u00f3n del Centro Hist\u00f3rico y los barrios tradicionales a trav\u00e9s de distintos per\u00edodos en la historia de nuestra ciudad.<\/p>\n<p>De la exhibici\u00f3n sobresalen la reproducci\u00f3n del Plano de la Villa y Presidio de Campeche en la Provincia de Yucat\u00e1n; el Plano de la planta de conjunto de la Casa n\u00famero 48  en el barrio Santa Ana, actual Casa de los Gobernadores; y el Plano Regulador de la Ciudad de Campeche.<\/p>\n<p>Tales documentos forman parte de los fondos Hemerogr\u00e1fico, Bibliogr\u00e1fico y Mapoteca, Pedro Tello Andueza, Rafael Quintana Sosa y Carlos Justo Sierra Brabatta, que se hallan bajo custodia del Archivo General del Estado Campeche.<\/p>\n<p>La exhibici\u00f3n quedar\u00e1 abierta al p\u00fablico a partir del 4 de octubre y permanecer\u00e1 por tres meses en las Salas del Museo del Archivo General del Estado en horario de 8:00 a 16:00 horas, de lunes a viernes con acceso gratuito.<\/p>\n","protected":false},"excerpt":{"rendered":"<p>Se realiza la Exposici\u00f3n Documental y Fotogr\u00e1fica &#8220;El Centro Hist\u00f3rico y los Barrios Tradicionales&#8221;&#8230;<\/p>\n","protected":false},"author":1018,"featured_media":0,"comment_status":"open","ping_status":"open","sticky":false,"template":"","format":"standard","meta":{"tdm_status":"","tdm_grid_status":"","footnotes":""},"categories":[27],"tags":[],"_links":{"self":[{"href":"https:\/\/dralvarez.com.mx\/larevista\/wp-json\/wp\/v2\/posts\/69849"}],"collection":[{"href":"https:\/\/dralvarez.com.mx\/larevista\/wp-json\/wp\/v2\/posts"}],"about":[{"href":"https:\/\/dralvarez.com.mx\/larevista\/wp-json\/wp\/v2\/types\/post"}],"author":[{"embeddable":true,"href":"https:\/\/dralvarez.com.mx\/larevista\/wp-json\/wp\/v2\/users\/1018"}],"replies":[{"embeddable":true,"href":"https:\/\/dralvarez.com.mx\/larevista\/wp-json\/wp\/v2\/comments?post=69849"}],"version-history":[{"count":0,"href":"https:\/\/dralvarez.com.mx\/larevista\/wp-json\/wp\/v2\/posts\/69849\/revisions"}],"wp:attachment":[{"href":"https:\/\/dralvarez.com.mx\/larevista\/wp-json\/wp\/v2\/media?parent=69849"}],"wp:term":[{"taxonomy":"category","embeddable":true,"href":"https:\/\/dralvarez.com.mx\/larevista\/wp-json\/wp\/v2\/categories?post=69849"},{"taxonomy":"post_tag","embeddable":true,"href":"https:\/\/dralvarez.com.mx\/larevista\/wp-json\/wp\/v2\/tags?post=69849"}],"curies":[{"name":"wp","href":"https:\/\/api.w.org\/{rel}","templated":true}]}}