{"id":69847,"date":"2018-10-03T00:00:00","date_gmt":"2018-10-03T06:00:00","guid":{"rendered":"https:\/\/dralvarez.com.mx\/larevista\/blog\/firman-la-seproci-y-la-utcam-convenio-de-colaboracion-y-cooperacion-29941"},"modified":"2018-10-03T00:00:00","modified_gmt":"2018-10-03T06:00:00","slug":"firman-la-seproci-y-la-utcam-convenio-de-colaboracion-y-cooperacion-29941","status":"publish","type":"post","link":"https:\/\/dralvarez.com.mx\/larevista\/compeche\/firman-la-seproci-y-la-utcam-convenio-de-colaboracion-y-cooperacion-29941","title":{"rendered":"Firman la SEPROCI y la UTCAM, convenio de colaboraci\u00f3n y cooperaci\u00f3n"},"content":{"rendered":"<\/p>\n<p>Con la finalidad de ser una opci\u00f3n para los<br \/>\nestudiantes de las diversas carreras que se imparten en la Universidad<br \/>\nTecnol\u00f3gica de Campeche (UTCAM), la Secretar\u00eda de Protecci\u00f3n Civil (SEPROCI)<br \/>\nfirm\u00f3 un Convenio de colaboraci\u00f3n y cooperaci\u00f3n de estad\u00eda profesional con dicha<br \/>\ninstituci\u00f3n de educaci\u00f3n suprior en el Estado.<\/p>\n<p>Dicho convenio fue firmado por el titular de esta<br \/>\ndependencia, Gibran J. Burad Abud y el rector de la Universidad, Jos\u00e9 del<br \/>\nCarmen Rodr\u00edguez Vera. El objeto del convenio de colaboraci\u00f3n y cooperaci\u00f3n es<br \/>\nel establecer bases espec\u00edficas y mecanismos a trav\u00e9s de los cuales los<br \/>\nestudiantes de las diversas \u00e1reas puedan realizar sus actividades acad\u00e9micas de<br \/>\nacuerdo a su plan de estudios y alcanzar los objetivos especificados de los<br \/>\nmismos dentro de esta dependencia.<\/p>\n<p><\/p>\n","protected":false},"excerpt":{"rendered":"<p>Dicho convenio fue firmado por el titular de esta dependencia, Gibran J. Burad Abud y el rector de la Universidad, Jos\u00e9 del Carmen Rodr\u00edguez Vera.<\/p>\n","protected":false},"author":1018,"featured_media":0,"comment_status":"open","ping_status":"open","sticky":false,"template":"","format":"standard","meta":{"tdm_status":"","tdm_grid_status":"","footnotes":""},"categories":[27],"tags":[],"_links":{"self":[{"href":"https:\/\/dralvarez.com.mx\/larevista\/wp-json\/wp\/v2\/posts\/69847"}],"collection":[{"href":"https:\/\/dralvarez.com.mx\/larevista\/wp-json\/wp\/v2\/posts"}],"about":[{"href":"https:\/\/dralvarez.com.mx\/larevista\/wp-json\/wp\/v2\/types\/post"}],"author":[{"embeddable":true,"href":"https:\/\/dralvarez.com.mx\/larevista\/wp-json\/wp\/v2\/users\/1018"}],"replies":[{"embeddable":true,"href":"https:\/\/dralvarez.com.mx\/larevista\/wp-json\/wp\/v2\/comments?post=69847"}],"version-history":[{"count":0,"href":"https:\/\/dralvarez.com.mx\/larevista\/wp-json\/wp\/v2\/posts\/69847\/revisions"}],"wp:attachment":[{"href":"https:\/\/dralvarez.com.mx\/larevista\/wp-json\/wp\/v2\/media?parent=69847"}],"wp:term":[{"taxonomy":"category","embeddable":true,"href":"https:\/\/dralvarez.com.mx\/larevista\/wp-json\/wp\/v2\/categories?post=69847"},{"taxonomy":"post_tag","embeddable":true,"href":"https:\/\/dralvarez.com.mx\/larevista\/wp-json\/wp\/v2\/tags?post=69847"}],"curies":[{"name":"wp","href":"https:\/\/api.w.org\/{rel}","templated":true}]}}