{"id":69846,"date":"2018-10-03T00:00:00","date_gmt":"2018-10-03T06:00:00","guid":{"rendered":"https:\/\/dralvarez.com.mx\/larevista\/blog\/christelle-castanon-de-moreno-inauguro-espacio-de-alimentacion-encuentro-y-desarrollo-comunitario-carita-de-angel-en-gira-por-candelaria-29940"},"modified":"2018-10-03T00:00:00","modified_gmt":"2018-10-03T06:00:00","slug":"christelle-castanon-de-moreno-inauguro-espacio-de-alimentacion-encuentro-y-desarrollo-comunitario-carita-de-angel-en-gira-por-candelaria-29940","status":"publish","type":"post","link":"https:\/\/dralvarez.com.mx\/larevista\/compeche\/christelle-castanon-de-moreno-inauguro-espacio-de-alimentacion-encuentro-y-desarrollo-comunitario-carita-de-angel-en-gira-por-candelaria-29940","title":{"rendered":"Christelle Casta\u00f1\u00f3n De Moreno inaugur\u00f3 espacio de alimentaci\u00f3n, encuentro y desarrollo comunitario \u201ccarita de \u00e1ngel\u201d en gira por candelaria"},"content":{"rendered":"<\/p>\n<p>Las<br \/>\nni\u00f1as, ni\u00f1os y personas vulnerables de la comunidad de Agua Azul del municipio<br \/>\nde Candelaria, tomar\u00e1n su desayuno en un lugar digno, esto, al inaugurar la<br \/>\nPresidenta del Patronato del DIF Estatal, Christelle Casta\u00f1\u00f3n de Moreno, el<br \/>\nEspacio de Alimentaci\u00f3n, Encuentro y Desarrollo Comunitario \u201cCarita de \u00c1ngel\u201d,<br \/>\nque brinda una raci\u00f3n de comida de alto nivel nutritivo a m\u00e1s de 100 personas y que<br \/>\ntuvo una inversi\u00f3n de m\u00e1s de 860 mil pesos, siendo el primero que funciona con<br \/>\npaneles solares.<b><\/b><\/p>\n<p>Casta\u00f1\u00f3n de Moreno, subray\u00f3 que este proceso de dar<br \/>\nseguridad a los asistentes, se logr\u00f3 por el trabajo en equipo que realizan las<br \/>\nmam\u00e1s con la coordinaci\u00f3n y buen funcionamiento de los maestros y las<br \/>\nautoridades federales, estatales y municipales, el resultado queda a la vista,<br \/>\npermitiendo que las ni\u00f1as y ni\u00f1os tomen sus alimentos en un lugar seguro.<\/p>\n<p>\u201cCon el respaldo de mi esposo, el gobernador<br \/>\nAlejandro Moreno C\u00e1rdenas, hoy damos un paso m\u00e1s en el crecimiento de esta<br \/>\nhermosa comunidad, inaugurando este espacio de alimentaci\u00f3n puesto al servicio<br \/>\nde toda la comunidad, parte de un programa que tenemos en el DIF Estatal<br \/>\n\u201cDignificaci\u00f3n de los Espacios de Alimentaci\u00f3n\u201d para que nuestros peque\u00f1os<br \/>\ntomen sus alimentos en un lugar equipado e higi\u00e9nico, lo que lograr\u00e1 que las<br \/>\nni\u00f1as y ni\u00f1os crezcan sanos y fuertes\u201d.<\/p>\n<p>Signific\u00f3 que el compromiso del gobernador del<br \/>\nestado, Alejandro Moreno C\u00e1rdenas, al concluir su administraci\u00f3n, es dignificar<br \/>\ncada uno de los Espacios de Alimentaci\u00f3n Encuentro y Desarrollo Comunitario de<br \/>\nla entidad, porque cada ni\u00f1o merece crecer f\u00edsica y sanamente, por ello,<br \/>\nfortalece los programas que impulsa el DIF Estatal para las personas y las<br \/>\ncomunidades.<\/p>\n<p>Por su parte la Presidenta del DIF Municipal de<br \/>\nCandelaria, Adelayda Huerta de Far\u00edas, agradeci\u00f3 la visita e inauguraci\u00f3n de<br \/>\neste espacio de alimentaci\u00f3n, \u201cSu visita es realmente agradecida, para mi es un<br \/>\nhonor trabajar con usted y con el gran equipo que conforma, este espacio no<br \/>\nhubiera sido posible sin el apoyo invaluable de nuestra querida amiga<br \/>\nChristelle Casta\u00f1\u00f3n de Moreno\u201d, mencion\u00f3.<\/p>\n<p>&nbsp;<\/p>\n<p>El Secretario de Educaci\u00f3n, Ricardo Medina Farf\u00e1n,<br \/>\nindic\u00f3 que el Espacio marca un gran esfuerzo de gesti\u00f3n para conformar una<br \/>\ncomunidad que todos los d\u00edas crece, \u201cConjuntamos esfuerzos para atender la alimentaci\u00f3n<br \/>\nde nuestros ni\u00f1os de manera sana y nutritiva para que alcancen un mejor<br \/>\nfuturo\u201d, mencion\u00f3.<\/p>\n<p>La coordinadora del Espacio, Ver\u00f3nica Garc\u00eda<br \/>\nMart\u00ednez agradeci\u00f3 a las autoridades el inter\u00e9s de que los ni\u00f1os cuenten con un<br \/>\nsitio con techo seguro, limpio y que adem\u00e1s sirve para reunir a la comunidad<br \/>\ncon mejores condiciones de vida, por lo que a nombre del equipo de madres de<br \/>\nfamilia que colaboran en la cocina, recibi\u00f3 utensilios que les permitir\u00e1<br \/>\nbrindar un servicio de calidad y calidez.<\/p>\n<p>En la gira, acompa\u00f1aron a Casta\u00f1\u00f3n de Moreno, la<br \/>\nPresidenta del Sistema DIF Municipal de Candelaria, el Secretario de Educaci\u00f3n,<br \/>\nRicardo Medina Farf\u00e1n y su esposa, la promotora titular del Grupo de Partici\u00f3n<br \/>\nCiudadana (GPC) de la SEDUC, Blanca Uribe de Medina, la Directora de Asistencia<br \/>\nAlimentaria y Desarrollo Comunitario Ruth Ebergengy V\u00e1zquez, autoridades y<br \/>\npadres de familia de la comunidad.<\/p>\n<p><\/p>\n","protected":false},"excerpt":{"rendered":"<p>Las ni\u00f1as, ni\u00f1os y personas vulnerables de la comunidad de Agua Azul del municipio de Candelaria, tomar\u00e1n su desayuno en un lugar digno<\/p>\n","protected":false},"author":1018,"featured_media":0,"comment_status":"open","ping_status":"open","sticky":false,"template":"","format":"standard","meta":{"tdm_status":"","tdm_grid_status":"","footnotes":""},"categories":[27],"tags":[],"_links":{"self":[{"href":"https:\/\/dralvarez.com.mx\/larevista\/wp-json\/wp\/v2\/posts\/69846"}],"collection":[{"href":"https:\/\/dralvarez.com.mx\/larevista\/wp-json\/wp\/v2\/posts"}],"about":[{"href":"https:\/\/dralvarez.com.mx\/larevista\/wp-json\/wp\/v2\/types\/post"}],"author":[{"embeddable":true,"href":"https:\/\/dralvarez.com.mx\/larevista\/wp-json\/wp\/v2\/users\/1018"}],"replies":[{"embeddable":true,"href":"https:\/\/dralvarez.com.mx\/larevista\/wp-json\/wp\/v2\/comments?post=69846"}],"version-history":[{"count":0,"href":"https:\/\/dralvarez.com.mx\/larevista\/wp-json\/wp\/v2\/posts\/69846\/revisions"}],"wp:attachment":[{"href":"https:\/\/dralvarez.com.mx\/larevista\/wp-json\/wp\/v2\/media?parent=69846"}],"wp:term":[{"taxonomy":"category","embeddable":true,"href":"https:\/\/dralvarez.com.mx\/larevista\/wp-json\/wp\/v2\/categories?post=69846"},{"taxonomy":"post_tag","embeddable":true,"href":"https:\/\/dralvarez.com.mx\/larevista\/wp-json\/wp\/v2\/tags?post=69846"}],"curies":[{"name":"wp","href":"https:\/\/api.w.org\/{rel}","templated":true}]}}