{"id":69845,"date":"2018-10-03T00:00:00","date_gmt":"2018-10-03T06:00:00","guid":{"rendered":"https:\/\/dralvarez.com.mx\/larevista\/blog\/indemipyme-establece-alianza-con-el-colegio-de-contadores-publicos-de-campeche-ac-29939"},"modified":"2018-10-03T00:00:00","modified_gmt":"2018-10-03T06:00:00","slug":"indemipyme-establece-alianza-con-el-colegio-de-contadores-publicos-de-campeche-ac-29939","status":"publish","type":"post","link":"https:\/\/dralvarez.com.mx\/larevista\/compeche\/indemipyme-establece-alianza-con-el-colegio-de-contadores-publicos-de-campeche-ac-29939","title":{"rendered":"INDEMIPYME establece alianza con el colegio de contadores p\u00fablicos de Campeche a.c."},"content":{"rendered":"<p>El Instituto para el Desarrollo de la Micro, Peque\u00f1a y Mediana Empresa (INDEMIPYME), y el Colegio de Contadores P\u00fablicos de Campeche A.C., iniciaron una relaci\u00f3n de intercambio y cooperaci\u00f3n ante la reuni\u00f3n sostenida con 28 integrantes de la federaci\u00f3n de contadores antes mencionada.<\/p>\n<p>El titular del INDEMIPYME, Abraham Azar Lemus, afirm\u00f3 que el objetivo fue presentar el programa \u201cRed de Mentores\u201d para lograr una alianza estrat\u00e9gica con el colegio, y con esto tener un acercamiento y presten sus servicios a los empresarios campechanos inscritos en los programas de la instituci\u00f3n. <\/p>\n<p>-Uno de los obst\u00e1culos m\u00e1s comunes de los empresarios campechanos, es que se enfrentan con la falta de conocimientos de finanzas y contadur\u00eda para sus negocios, pero al mismo tiempo se les dificulta contratar un servicio contable, por lo que decidimos reunirnos con el Colegio de Contadores P\u00fablicos para lograr un acercamiento entre ellos-dijo. <\/p>\n<p>Los contadores asistentes expresaron su inter\u00e9s para coadyuvar en favor de las empresas locales del Estado, confirmando que el consumo local seguir\u00e1 siendo la mejor manera de apostarle al crecimiento de la econom\u00eda de Campeche. <\/p>\n<p>El Director del INDEMIPYME estuvo acompa\u00f1ado del representante del Colegio de Contadores P\u00fablicos de Campeche A.C., Jos\u00e9 Vicente Mat\u00fa Dzul y representantes de la mesa directiva del mismo, con quienes continuar\u00e1n las reuniones para consolidar alianzas. <\/p>\n","protected":false},"excerpt":{"rendered":"<p>El titular del INDEMIPYME, Abraham Azar Lemus, afirm\u00f3 que el objetivo fue presentar el programa \u201cRed de Mentores\u201d<\/p>\n","protected":false},"author":1018,"featured_media":0,"comment_status":"open","ping_status":"open","sticky":false,"template":"","format":"standard","meta":{"tdm_status":"","tdm_grid_status":"","footnotes":""},"categories":[27],"tags":[],"_links":{"self":[{"href":"https:\/\/dralvarez.com.mx\/larevista\/wp-json\/wp\/v2\/posts\/69845"}],"collection":[{"href":"https:\/\/dralvarez.com.mx\/larevista\/wp-json\/wp\/v2\/posts"}],"about":[{"href":"https:\/\/dralvarez.com.mx\/larevista\/wp-json\/wp\/v2\/types\/post"}],"author":[{"embeddable":true,"href":"https:\/\/dralvarez.com.mx\/larevista\/wp-json\/wp\/v2\/users\/1018"}],"replies":[{"embeddable":true,"href":"https:\/\/dralvarez.com.mx\/larevista\/wp-json\/wp\/v2\/comments?post=69845"}],"version-history":[{"count":0,"href":"https:\/\/dralvarez.com.mx\/larevista\/wp-json\/wp\/v2\/posts\/69845\/revisions"}],"wp:attachment":[{"href":"https:\/\/dralvarez.com.mx\/larevista\/wp-json\/wp\/v2\/media?parent=69845"}],"wp:term":[{"taxonomy":"category","embeddable":true,"href":"https:\/\/dralvarez.com.mx\/larevista\/wp-json\/wp\/v2\/categories?post=69845"},{"taxonomy":"post_tag","embeddable":true,"href":"https:\/\/dralvarez.com.mx\/larevista\/wp-json\/wp\/v2\/tags?post=69845"}],"curies":[{"name":"wp","href":"https:\/\/api.w.org\/{rel}","templated":true}]}}