{"id":69844,"date":"2018-10-03T00:00:00","date_gmt":"2018-10-03T06:00:00","guid":{"rendered":"https:\/\/dralvarez.com.mx\/larevista\/blog\/carlos-miguel-aysa-gonzalez-entrego-esta-manana-los-nombramientos-de-subsecretarios-de-gobierno-29938"},"modified":"2018-10-03T00:00:00","modified_gmt":"2018-10-03T06:00:00","slug":"carlos-miguel-aysa-gonzalez-entrego-esta-manana-los-nombramientos-de-subsecretarios-de-gobierno-29938","status":"publish","type":"post","link":"https:\/\/dralvarez.com.mx\/larevista\/compeche\/carlos-miguel-aysa-gonzalez-entrego-esta-manana-los-nombramientos-de-subsecretarios-de-gobierno-29938","title":{"rendered":"Carlos Miguel Aysa Gonz\u00e1lez, entreg\u00f3 esta ma\u00f1ana los nombramientos de subsecretarios de Gobierno"},"content":{"rendered":"<\/p>\n<p>El<br \/>\nsecretario general de Gobierno, Carlos Miguel Aysa Gonz\u00e1lez, entreg\u00f3 esta<br \/>\nma\u00f1ana los nombramientos de subsecretarios de Gobierno a Jes\u00fas Antonio Qui\u00f1ones<br \/>\nLoeza y Pablo S\u00e1nchez Silva. <\/p>\n<p>&nbsp;<\/p>\n","protected":false},"excerpt":{"rendered":"<p>nombramientos subsecretarios recibidos<\/p>\n","protected":false},"author":1018,"featured_media":0,"comment_status":"open","ping_status":"open","sticky":false,"template":"","format":"standard","meta":{"tdm_status":"","tdm_grid_status":"","footnotes":""},"categories":[27],"tags":[],"_links":{"self":[{"href":"https:\/\/dralvarez.com.mx\/larevista\/wp-json\/wp\/v2\/posts\/69844"}],"collection":[{"href":"https:\/\/dralvarez.com.mx\/larevista\/wp-json\/wp\/v2\/posts"}],"about":[{"href":"https:\/\/dralvarez.com.mx\/larevista\/wp-json\/wp\/v2\/types\/post"}],"author":[{"embeddable":true,"href":"https:\/\/dralvarez.com.mx\/larevista\/wp-json\/wp\/v2\/users\/1018"}],"replies":[{"embeddable":true,"href":"https:\/\/dralvarez.com.mx\/larevista\/wp-json\/wp\/v2\/comments?post=69844"}],"version-history":[{"count":0,"href":"https:\/\/dralvarez.com.mx\/larevista\/wp-json\/wp\/v2\/posts\/69844\/revisions"}],"wp:attachment":[{"href":"https:\/\/dralvarez.com.mx\/larevista\/wp-json\/wp\/v2\/media?parent=69844"}],"wp:term":[{"taxonomy":"category","embeddable":true,"href":"https:\/\/dralvarez.com.mx\/larevista\/wp-json\/wp\/v2\/categories?post=69844"},{"taxonomy":"post_tag","embeddable":true,"href":"https:\/\/dralvarez.com.mx\/larevista\/wp-json\/wp\/v2\/tags?post=69844"}],"curies":[{"name":"wp","href":"https:\/\/api.w.org\/{rel}","templated":true}]}}