{"id":69843,"date":"2018-10-03T00:00:00","date_gmt":"2018-10-03T06:00:00","guid":{"rendered":"https:\/\/dralvarez.com.mx\/larevista\/blog\/la-procuraduria-de-proteccion-de-ninas-ninos-y-adolescentes-impartio-el-curso-primeros-auxilios-pediatricos-29937"},"modified":"2018-10-03T00:00:00","modified_gmt":"2018-10-03T06:00:00","slug":"la-procuraduria-de-proteccion-de-ninas-ninos-y-adolescentes-impartio-el-curso-primeros-auxilios-pediatricos-29937","status":"publish","type":"post","link":"https:\/\/dralvarez.com.mx\/larevista\/compeche\/la-procuraduria-de-proteccion-de-ninas-ninos-y-adolescentes-impartio-el-curso-primeros-auxilios-pediatricos-29937","title":{"rendered":"La procuradur\u00eda de protecci\u00f3n de ni\u00f1as, ni\u00f1os y adolescentes  imparti\u00f3 el curso \u201cprimeros auxilios pedi\u00e1tricos\u201d"},"content":{"rendered":"<\/p>\n<p>Para prevenir accidentes cuando se trabaja con poblaci\u00f3n infantil,<br \/>\nel Sistema Estatal para el Desarrollo Integral de la Familia (DIF) que preside<br \/>\nChristelle Casta\u00f1\u00f3n de Moreno, a trav\u00e9s de la Procuradur\u00eda de Protecci\u00f3n de<br \/>\nNi\u00f1as, Ni\u00f1os y Adolescentes (PNNA) en coordinaci\u00f3n con la Secretar\u00eda de Salud<br \/>\n(SSA), imparti\u00f3 el<br \/>\ncurso de \u201cPrimeros Auxilios Pedi\u00e1tricos\u201d en el que participaron 50 personas<br \/>\nentre cuidadoras y personal del Centro Asistencial \u201cMar\u00eda Palmira Lavalle\u201d, de<br \/>\nla Casa Hogar \u201cRancho El Palomar\u201d y personal del Centro<br \/>\nRegional de Desarrollo Infantil y Estimulaci\u00f3n Temprana (CEREDI).&nbsp;<\/p>\n<p>El<br \/>\ncurso se realiz\u00f3 en el aula de ense\u00f1anza del Hospital de Especialidades \u201cDr.<br \/>\nJavier Buenfil Osorio\u201d, y a nombre de la Presidenta del Patronato del DIF<br \/>\nEstatal, Christelle Casta\u00f1\u00f3n de Moreno, la Procuradora de Protecci\u00f3n a Ni\u00f1as,<br \/>\nNi\u00f1os y Adolescentes (PPNNA), Teresita de Atocha Rodr\u00edguez Chi, dio la<br \/>\nbienvenida a los participantes agradeci\u00e9ndoles su disposici\u00f3n de capacitarse<br \/>\npara contar con las herramientas que contin\u00faen protegiendo la integridad f\u00edsica<br \/>\ny emocional de los peque\u00f1os hu\u00e9spedes.<\/p>\n<p>Al<br \/>\nconcluir la capacitaci\u00f3n por los m\u00e9dicos facilitadores, los participantes<br \/>\nrecibieron sus constancias, que los reconoce como personal capacitado para<br \/>\nactuar cuando se produce una emergencia, porque cuentan con los conocimientos<br \/>\nte\u00f3ricos y pr\u00e1cticos sobre primeros auxilios y prevenci\u00f3n de accidentes<\/p>\n<p><\/p>\n","protected":false},"excerpt":{"rendered":"<p>El curso se realiz\u00f3 en el aula de ense\u00f1anza del Hospital de Especialidades \u201cDr. Javier Buenfil Osorio\u201d,<\/p>\n","protected":false},"author":1018,"featured_media":0,"comment_status":"open","ping_status":"open","sticky":false,"template":"","format":"standard","meta":{"tdm_status":"","tdm_grid_status":"","footnotes":""},"categories":[27],"tags":[],"_links":{"self":[{"href":"https:\/\/dralvarez.com.mx\/larevista\/wp-json\/wp\/v2\/posts\/69843"}],"collection":[{"href":"https:\/\/dralvarez.com.mx\/larevista\/wp-json\/wp\/v2\/posts"}],"about":[{"href":"https:\/\/dralvarez.com.mx\/larevista\/wp-json\/wp\/v2\/types\/post"}],"author":[{"embeddable":true,"href":"https:\/\/dralvarez.com.mx\/larevista\/wp-json\/wp\/v2\/users\/1018"}],"replies":[{"embeddable":true,"href":"https:\/\/dralvarez.com.mx\/larevista\/wp-json\/wp\/v2\/comments?post=69843"}],"version-history":[{"count":0,"href":"https:\/\/dralvarez.com.mx\/larevista\/wp-json\/wp\/v2\/posts\/69843\/revisions"}],"wp:attachment":[{"href":"https:\/\/dralvarez.com.mx\/larevista\/wp-json\/wp\/v2\/media?parent=69843"}],"wp:term":[{"taxonomy":"category","embeddable":true,"href":"https:\/\/dralvarez.com.mx\/larevista\/wp-json\/wp\/v2\/categories?post=69843"},{"taxonomy":"post_tag","embeddable":true,"href":"https:\/\/dralvarez.com.mx\/larevista\/wp-json\/wp\/v2\/tags?post=69843"}],"curies":[{"name":"wp","href":"https:\/\/api.w.org\/{rel}","templated":true}]}}