{"id":69842,"date":"2018-10-03T00:00:00","date_gmt":"2018-10-03T06:00:00","guid":{"rendered":"https:\/\/dralvarez.com.mx\/larevista\/blog\/octubre-mes-para-sentirse-orgullosos-de-ser-campechanos-fernandez-dominguez-29936"},"modified":"2018-10-03T00:00:00","modified_gmt":"2018-10-03T06:00:00","slug":"octubre-mes-para-sentirse-orgullosos-de-ser-campechanos-fernandez-dominguez-29936","status":"publish","type":"post","link":"https:\/\/dralvarez.com.mx\/larevista\/compeche\/octubre-mes-para-sentirse-orgullosos-de-ser-campechanos-fernandez-dominguez-29936","title":{"rendered":"Octubre, mes para sentirse orgullosos de ser campechanos: Fern\u00e1ndez Dom\u00ednguez"},"content":{"rendered":"<p>\u201cEste mes es un periodo donde m\u00e1s que nunca nos debemos sentir ligados a nuestras ra\u00edces, nuestra identidad e idiosincrasia que nos hace \u00fanicos, por eso debemos sentirnos orgullosos de ser campechanos, de haber nacido en esta maravillosa tierra\u201d, afirm\u00f3 el subdirector de Investigaci\u00f3n y Desarrollo Educativo de la Secretar\u00eda de Educaci\u00f3n (SEDUC), David Fern\u00e1ndez Dom\u00ednguez, al fungir como orador principal del homenaje c\u00edvico correspondiente al mes de octubre de la dependencia estatal.<\/p>\n<p>En este acto, que se ejecut\u00f3 en el marco del 478 aniversario de la fundaci\u00f3n de Campeche, el funcionario educativo precis\u00f3 que es el momento perfecto para destacar que la entidad es cuna de talentos culturales, art\u00edsticos y educativos, como don Justo Sierra M\u00e9ndez, quien es inspiraci\u00f3n para hacer del sector educativo, el sector que contribuya a desarrollar al Estado.<\/p>\n<p>Ante el secretario de Educaci\u00f3n, Ricardo Medina Farf\u00e1n, quien encabez\u00f3 esta ceremonia a cargo de la Subdirecci\u00f3n de Investigaci\u00f3n y Desarrollo Educativo (SIDE), Fern\u00e1ndez Dom\u00ednguez, dijo que a trav\u00e9s de esta se han realizado importantes acciones como la campa\u00f1a de reforestaci\u00f3n &#8220;El ambiente est\u00e1 en tu escuela, siembra un \u00e1rbol&#8221;, el programa de &#8220;Iniciaci\u00f3n, Cuidado y Adiestramiento Canino&#8221;, as\u00ed como las actividades por el mes de la campechanidad, que contribuyen a rescatar las tradiciones y fomentar en los menores el amor por nuestra tierra.<\/p>\n<p>Durante este acto se cont\u00f3 con la participaci\u00f3n de la escolta de la Escuela Primaria \u201cPresidente Ruiz Cortines\u201d as\u00ed como la declamaci\u00f3n del poema \u201cCampeche de mis amores\u201d a cargo de la ni\u00f1a B\u00e1rbara Angelina Sunza y el bailable \u201cCampechito retrechero\u201d por alumnos de la primaria \u201cNi\u00f1os H\u00e9roes\u201d.<\/p>\n<p>Cabe mencionar que el titular de la SEDUC hizo entrega de reconocimientos al empleado del mes a: Silhi Calder\u00f3n Reyes y Jany Zavala Zavala.<\/p>\n","protected":false},"excerpt":{"rendered":"<p>Realiza SEDUC ceremonia c\u00edvica&#8230;<\/p>\n","protected":false},"author":1018,"featured_media":0,"comment_status":"open","ping_status":"open","sticky":false,"template":"","format":"standard","meta":{"tdm_status":"","tdm_grid_status":"","footnotes":""},"categories":[27],"tags":[],"_links":{"self":[{"href":"https:\/\/dralvarez.com.mx\/larevista\/wp-json\/wp\/v2\/posts\/69842"}],"collection":[{"href":"https:\/\/dralvarez.com.mx\/larevista\/wp-json\/wp\/v2\/posts"}],"about":[{"href":"https:\/\/dralvarez.com.mx\/larevista\/wp-json\/wp\/v2\/types\/post"}],"author":[{"embeddable":true,"href":"https:\/\/dralvarez.com.mx\/larevista\/wp-json\/wp\/v2\/users\/1018"}],"replies":[{"embeddable":true,"href":"https:\/\/dralvarez.com.mx\/larevista\/wp-json\/wp\/v2\/comments?post=69842"}],"version-history":[{"count":0,"href":"https:\/\/dralvarez.com.mx\/larevista\/wp-json\/wp\/v2\/posts\/69842\/revisions"}],"wp:attachment":[{"href":"https:\/\/dralvarez.com.mx\/larevista\/wp-json\/wp\/v2\/media?parent=69842"}],"wp:term":[{"taxonomy":"category","embeddable":true,"href":"https:\/\/dralvarez.com.mx\/larevista\/wp-json\/wp\/v2\/categories?post=69842"},{"taxonomy":"post_tag","embeddable":true,"href":"https:\/\/dralvarez.com.mx\/larevista\/wp-json\/wp\/v2\/tags?post=69842"}],"curies":[{"name":"wp","href":"https:\/\/api.w.org\/{rel}","templated":true}]}}