{"id":69841,"date":"2018-10-03T00:00:00","date_gmt":"2018-10-03T06:00:00","guid":{"rendered":"https:\/\/dralvarez.com.mx\/larevista\/blog\/presenta-seduc-programa-de-actividades-por-el-mes-de-la-campechanidad-29935"},"modified":"2018-10-03T00:00:00","modified_gmt":"2018-10-03T06:00:00","slug":"presenta-seduc-programa-de-actividades-por-el-mes-de-la-campechanidad-29935","status":"publish","type":"post","link":"https:\/\/dralvarez.com.mx\/larevista\/compeche\/presenta-seduc-programa-de-actividades-por-el-mes-de-la-campechanidad-29935","title":{"rendered":"Presenta SEDUC programa de actividades Por el mes de la Campechanidad"},"content":{"rendered":"<\/p>\n<p>Para promover en las ni\u00f1as, ni\u00f1os y j\u00f3venes, el<br \/>\namor por nuestra tierra, y al mismo tiempo contribuir al rescate de nuestras<br \/>\ntradiciones, la Secretar\u00eda de Educaci\u00f3n del Estado (SEDUC) llevar\u00e1 a cabo<br \/>\ndurante todo el mes de octubre, diversas actividades en el marco del 478 aniversario<br \/>\nde la fundaci\u00f3n de Campeche.<\/p>\n<p>En conferencia de prensa a cargo del subdirector de<br \/>\nInvestigaci\u00f3n y Desarrollo Educativo, David Fern\u00e1ndez Dom\u00ednguez, as\u00ed como del<br \/>\nsecretario T\u00e9cnico de este departamento, Herv\u00e9 Pech Bautista, se dio a conocer<br \/>\nel programa de actividades, que inici\u00f3 con el lanzamiento de la convocatoria<br \/>\npara participar en el tercer concurso de fotograf\u00eda \u201cSoy Campechano\u201d.<\/p>\n<p>La convocatoria para este concurso, que est\u00e1<br \/>\ndirigido a estudiantes de secundaria y bachillerato, qued\u00f3 abierta tras su<br \/>\npresentaci\u00f3n y hasta el 20 de octubre del a\u00f1o en curso para la recepci\u00f3n de<br \/>\ntrabajos, los cuales deber\u00e1n ser enviados al correo electr\u00f3nico <a target=\"_blank\" rel=\"nofollow noopener\">soycampechano@educacioncampeche.gob.mx<\/a>;<br \/>\nla convocatoria puede ser consultada en las redes sociales de la dependencia<br \/>\nestatal.<\/p>\n<p>Asimismo, el programa contempla el concurso de<br \/>\npintura \u201cLos colores de Campeche\u201d que se realizar\u00e1 el pr\u00f3ximo dos de octubre;<br \/>\nde igual manera, el cinco de octubre se realizar\u00e1 la jornada de juegos t\u00edpicos<br \/>\nde Campeche en la Plaza de la Rep\u00fablica a las 17:00 horas.,  en tanto que el pr\u00f3ximo nueve y 15 de<br \/>\noctubre, respectivamente, se llevar\u00e1 a cabo la exhibici\u00f3n de bailes t\u00edpicos<br \/>\n\u201cNuestro Campeche\u201d en Champot\u00f3n y Hopelch\u00e9n.<\/p>\n<p>El d\u00eda 16 de octubre se premiar\u00e1 a los ganadores<br \/>\ndel concurso de dibujo; el 17 se realizar\u00e1 el concurso de declamaci\u00f3n<br \/>\n\u201cCampeche, mis ra\u00edces e identidad\u201d categor\u00eda primaria; el 19 se llevar\u00e1 a cabo<br \/>\nla exhibici\u00f3n de bailes t\u00edpicos en el Parque Principal de la Ciudad;<br \/>\nposteriormente el 24 de octubre se realizar\u00e1 el gran concierto de la orquesta<br \/>\ninfantil \u201cJes\u00fas Cervera Pinto\u201d; el 25 tendr\u00e1 lugar el concurso de declamaci\u00f3n<br \/>\npara nivel primaria; y el 29 se premiar\u00e1 a los ganadores del concurso de<br \/>\nfotograf\u00eda.<\/p>\n<p>Finalmente esta jornada de celebraci\u00f3n culminar\u00e1<br \/>\ncon el tradicional \u201cDesfile de la Campechanidad\u201d el 30 de octubre, en el que<br \/>\nparticipar\u00e1n alumnos de diversos niveles, maestros, directivos y  autoridades educativas<\/p><\/p>\n","protected":false},"excerpt":{"rendered":"<p>Busca promover en los alumnos el amor por nuestra tierra<\/p>\n","protected":false},"author":1018,"featured_media":0,"comment_status":"open","ping_status":"open","sticky":false,"template":"","format":"standard","meta":{"tdm_status":"","tdm_grid_status":"","footnotes":""},"categories":[27],"tags":[],"_links":{"self":[{"href":"https:\/\/dralvarez.com.mx\/larevista\/wp-json\/wp\/v2\/posts\/69841"}],"collection":[{"href":"https:\/\/dralvarez.com.mx\/larevista\/wp-json\/wp\/v2\/posts"}],"about":[{"href":"https:\/\/dralvarez.com.mx\/larevista\/wp-json\/wp\/v2\/types\/post"}],"author":[{"embeddable":true,"href":"https:\/\/dralvarez.com.mx\/larevista\/wp-json\/wp\/v2\/users\/1018"}],"replies":[{"embeddable":true,"href":"https:\/\/dralvarez.com.mx\/larevista\/wp-json\/wp\/v2\/comments?post=69841"}],"version-history":[{"count":0,"href":"https:\/\/dralvarez.com.mx\/larevista\/wp-json\/wp\/v2\/posts\/69841\/revisions"}],"wp:attachment":[{"href":"https:\/\/dralvarez.com.mx\/larevista\/wp-json\/wp\/v2\/media?parent=69841"}],"wp:term":[{"taxonomy":"category","embeddable":true,"href":"https:\/\/dralvarez.com.mx\/larevista\/wp-json\/wp\/v2\/categories?post=69841"},{"taxonomy":"post_tag","embeddable":true,"href":"https:\/\/dralvarez.com.mx\/larevista\/wp-json\/wp\/v2\/tags?post=69841"}],"curies":[{"name":"wp","href":"https:\/\/api.w.org\/{rel}","templated":true}]}}