{"id":69840,"date":"2018-10-03T00:00:00","date_gmt":"2018-10-03T06:00:00","guid":{"rendered":"https:\/\/dralvarez.com.mx\/larevista\/blog\/se-reanudaran-actividades-en-la-normal-de-hecelchakan-secretario-de-educacion-logra-acuerdos-con-estudiantes-29934"},"modified":"2018-10-03T00:00:00","modified_gmt":"2018-10-03T06:00:00","slug":"se-reanudaran-actividades-en-la-normal-de-hecelchakan-secretario-de-educacion-logra-acuerdos-con-estudiantes-29934","status":"publish","type":"post","link":"https:\/\/dralvarez.com.mx\/larevista\/compeche\/se-reanudaran-actividades-en-la-normal-de-hecelchakan-secretario-de-educacion-logra-acuerdos-con-estudiantes-29934","title":{"rendered":"Se reanudar\u00e1n actividades en la normal de hecelchak\u00e1n, secretario de educaci\u00f3n logra acuerdos con estudiantes"},"content":{"rendered":"<\/p>\n<p>Tras m\u00e1s de dos horas de di\u00e1logo, que derivaron en<br \/>\nacuerdos entre la autoridad educativa local, representada por el secretario de<br \/>\nEducaci\u00f3n, Ricardo Medina Farf\u00e1n, y alumnos de la Escuela Normal Rural \u201cJusto<br \/>\nSierra M\u00e9ndez\u201d de Hecelchak\u00e1n, concluy\u00f3 la reuni\u00f3n de seguimiento efectuada en<br \/>\nla sala de juntas de la Universidad Pedag\u00f3gica Nacional No. 041, en la que se<br \/>\nacord\u00f3 reactivar las actividades educativas este dos de octubre del a\u00f1o en<br \/>\ncurso.<\/p>\n<p>Despu\u00e9s de revisarse los planteamientos y<br \/>\nsolicitudes de la comunidad estudiantil, y en el marco de un di\u00e1logo<br \/>\nconsensuado, la secretar\u00eda de Educaci\u00f3n se comprometi\u00f3 en trabajar en la mejora<br \/>\nde la infraestructura de este colegio, la entrega de materiales adecuados para<br \/>\nsu formaci\u00f3n docente y agilizar los procesos para la entrega de tr\u00e1mites<br \/>\nadministrativos.<\/p>\n<p>Tambi\u00e9n existi\u00f3 el compromiso para investigar el<br \/>\nproceder de algunos docentes, para lo cual se solicit\u00f3 que los alumnos<br \/>\nafectados presenten sus quejas para dar validez y respaldo a dicha solicitud en<br \/>\nbeneficio del colectivo escolar.<\/p>\n<p>Entre otros requerimientos de los alumnos estuvo la<br \/>\nsolicitud de equipamiento de limpieza, el apoyo para la adquisici\u00f3n y entrega<br \/>\nde materiales para pr\u00e1cticas docentes, entre otras m\u00e1s, las cuales ser\u00e1n<br \/>\nresueltas de manera inmediata, en un plazo no mayor a 10 d\u00edas.<\/p>\n<p>Tras ser examinados los puntos, los j\u00f3venes<br \/>\nestudiantes pactaron permitir la apertura del plantel y reanudar actividades a<br \/>\npartir de este martes dos de octubre para continuar con su formaci\u00f3n.<\/p>\n<p>En esta reuni\u00f3n, el secretario de Educaci\u00f3n reiter\u00f3<br \/>\nla apertura al di\u00e1logo, a la atenci\u00f3n de cualquier solicitud, sin necesidad de<br \/>\nafectar a terceras personas y los invit\u00f3 a sumarse a las acciones para hacer de<br \/>\nla Normal Rural una escuela modelo.<\/p><\/p>\n","protected":false},"excerpt":{"rendered":"<p>En esta reuni\u00f3n, el secretario de Educaci\u00f3n reiter\u00f3 la apertura al di\u00e1logo, a la atenci\u00f3n de cualquier solicitud&#8230;<\/p>\n","protected":false},"author":1018,"featured_media":0,"comment_status":"open","ping_status":"open","sticky":false,"template":"","format":"standard","meta":{"tdm_status":"","tdm_grid_status":"","footnotes":""},"categories":[27],"tags":[],"_links":{"self":[{"href":"https:\/\/dralvarez.com.mx\/larevista\/wp-json\/wp\/v2\/posts\/69840"}],"collection":[{"href":"https:\/\/dralvarez.com.mx\/larevista\/wp-json\/wp\/v2\/posts"}],"about":[{"href":"https:\/\/dralvarez.com.mx\/larevista\/wp-json\/wp\/v2\/types\/post"}],"author":[{"embeddable":true,"href":"https:\/\/dralvarez.com.mx\/larevista\/wp-json\/wp\/v2\/users\/1018"}],"replies":[{"embeddable":true,"href":"https:\/\/dralvarez.com.mx\/larevista\/wp-json\/wp\/v2\/comments?post=69840"}],"version-history":[{"count":0,"href":"https:\/\/dralvarez.com.mx\/larevista\/wp-json\/wp\/v2\/posts\/69840\/revisions"}],"wp:attachment":[{"href":"https:\/\/dralvarez.com.mx\/larevista\/wp-json\/wp\/v2\/media?parent=69840"}],"wp:term":[{"taxonomy":"category","embeddable":true,"href":"https:\/\/dralvarez.com.mx\/larevista\/wp-json\/wp\/v2\/categories?post=69840"},{"taxonomy":"post_tag","embeddable":true,"href":"https:\/\/dralvarez.com.mx\/larevista\/wp-json\/wp\/v2\/tags?post=69840"}],"curies":[{"name":"wp","href":"https:\/\/api.w.org\/{rel}","templated":true}]}}