{"id":69793,"date":"2018-10-01T00:00:00","date_gmt":"2018-10-01T06:00:00","guid":{"rendered":"https:\/\/dralvarez.com.mx\/larevista\/blog\/icem-capacita-a-emprendedores-de-ciudad-del-carmen-29887"},"modified":"2018-10-01T00:00:00","modified_gmt":"2018-10-01T06:00:00","slug":"icem-capacita-a-emprendedores-de-ciudad-del-carmen-29887","status":"publish","type":"post","link":"https:\/\/dralvarez.com.mx\/larevista\/compeche\/icem-capacita-a-emprendedores-de-ciudad-del-carmen-29887","title":{"rendered":"ICEM capacita a emprendedores de ciudad del Carmen"},"content":{"rendered":"<p>Con el objetivo de informar cuales son las bases para crear una estrategia, dar a conocer las principales variables en un negocio, as\u00ed como tener la capacidad de respuesta ante cualquier imprevisto, el Instituto Campechano del Emprendedor (ICEM) imparti\u00f3 el taller &#8220;Plan Financiero para Emprendedores&#8221; en Ciudad del Carmen.<\/p>\n<p>Durante el taller, en que participaron 17 emprendedores carmelitas interesados en potencializar sus ideas de negocio, aprendieron a planificar con rigor sus ventas, compras, gastos, v\u00edas de financiaci\u00f3n, entre otros, pues son aspectos fundamentales para que una empresa salga adelante.<\/p>\n<p>En la actividad, a cargo de Alberto Sol\u00eds, se explic\u00f3 que lo principal es que un proyecto tenga un modelo de negocio validado, y un plan de empresa en el que se centre la parte financiera y econ\u00f3mica, ya que indicar\u00e1n las necesidades para poner en marcha la idea en mente, qu\u00e9 fuentes de financiaci\u00f3n necesitar\u00e1 y con qu\u00e9 potencial econ\u00f3mico contar\u00e1 en cada etapa de crecimiento.<\/p>\n<p>El capacitador precis\u00f3 que un plan financiero los ayudar\u00e1 a evaluar la viabilidad de su proyecto y cuanto tardar\u00e1n en obtener resultados satisfactorios\/beneficios.<\/p>\n<p>-Est\u00e1 bien ser arriesgado, pero tambi\u00e9n ser organizado y plantear estrat\u00e9gicamente qu\u00e9 es lo que se quiere hacer y hacia d\u00f3nde se quiere llegar, porque cuando salimos a un camino incierto sin saber nada-, expres\u00f3.<\/p>\n<p>En el taller los emprendedores elaboraron planes de desarrollo de sus proyectos, as\u00ed como su validaci\u00f3n, posteriormente tendr\u00e1n el seguimiento adecuado ante el ICEM, con las iniciativas de negocios que hayan decidido echar a andar.<\/p>\n","protected":false},"excerpt":{"rendered":"<p>Participaron 17 emprendedores carmelitas interesados en potencializar sus ideas de negocio<\/p>\n","protected":false},"author":1018,"featured_media":0,"comment_status":"open","ping_status":"open","sticky":false,"template":"","format":"standard","meta":{"tdm_status":"","tdm_grid_status":"","footnotes":""},"categories":[27],"tags":[],"_links":{"self":[{"href":"https:\/\/dralvarez.com.mx\/larevista\/wp-json\/wp\/v2\/posts\/69793"}],"collection":[{"href":"https:\/\/dralvarez.com.mx\/larevista\/wp-json\/wp\/v2\/posts"}],"about":[{"href":"https:\/\/dralvarez.com.mx\/larevista\/wp-json\/wp\/v2\/types\/post"}],"author":[{"embeddable":true,"href":"https:\/\/dralvarez.com.mx\/larevista\/wp-json\/wp\/v2\/users\/1018"}],"replies":[{"embeddable":true,"href":"https:\/\/dralvarez.com.mx\/larevista\/wp-json\/wp\/v2\/comments?post=69793"}],"version-history":[{"count":0,"href":"https:\/\/dralvarez.com.mx\/larevista\/wp-json\/wp\/v2\/posts\/69793\/revisions"}],"wp:attachment":[{"href":"https:\/\/dralvarez.com.mx\/larevista\/wp-json\/wp\/v2\/media?parent=69793"}],"wp:term":[{"taxonomy":"category","embeddable":true,"href":"https:\/\/dralvarez.com.mx\/larevista\/wp-json\/wp\/v2\/categories?post=69793"},{"taxonomy":"post_tag","embeddable":true,"href":"https:\/\/dralvarez.com.mx\/larevista\/wp-json\/wp\/v2\/tags?post=69793"}],"curies":[{"name":"wp","href":"https:\/\/api.w.org\/{rel}","templated":true}]}}