{"id":69791,"date":"2018-10-01T00:00:00","date_gmt":"2018-10-01T06:00:00","guid":{"rendered":"https:\/\/dralvarez.com.mx\/larevista\/blog\/gobernador-amc-convoca-a-nueva-legislatura-a-trabajar-unidos-por-el-desarrollo-de-campeche-29885"},"modified":"2018-10-01T00:00:00","modified_gmt":"2018-10-01T06:00:00","slug":"gobernador-amc-convoca-a-nueva-legislatura-a-trabajar-unidos-por-el-desarrollo-de-campeche-29885","status":"publish","type":"post","link":"https:\/\/dralvarez.com.mx\/larevista\/compeche\/gobernador-amc-convoca-a-nueva-legislatura-a-trabajar-unidos-por-el-desarrollo-de-campeche-29885","title":{"rendered":"Gobernador AMC convoca a nueva legislatura a trabajar unidos por el desarrollo de campeche"},"content":{"rendered":"<\/p>\n<p>A construir unidos la soberan\u00eda econ\u00f3mica de Campeche sin claudicar en<br \/>\nlos principios ni ceder al miedo ni a las divisiones, convoc\u00f3 hoy el gobernador<br \/>\nAlejandro Moreno C\u00e1rdenas a los integrantes de la LXIII Legislatura local que<br \/>\ninici\u00f3 funciones hoy.<\/p>\n<p>El titular del Poder Ejecutivo, quien acudi\u00f3 como<br \/>\ninvitado a la ceremonia de constituci\u00f3n e instalaci\u00f3n de la nueva c\u00e1mara de<br \/>\ndiputados para el per\u00edodo 2018-2021, precis\u00f3 que el crecimiento del estado<br \/>\nrequiere del respaldo de los congresistas para que, en el marco del respeto a<br \/>\nla autonom\u00eda y pluralidad pol\u00edtica, se impulsen legislaciones vanguardistas que<br \/>\nalienten el emprendimiento; se gestionen mayores recursos ante el nuevo<br \/>\ngobierno del presidente electo Andr\u00e9s Manuel L\u00f3pez Obrador, y se apoyen mayores<br \/>\ncapacidades presupuestales no para gasto corriente ni excesos indebidos, sino para<br \/>\nfomentar la infraestructura y vigorizar programas de desarrollo industrial,<br \/>\ncomercial y tur\u00edstico.<\/p>\n<p>\u201cLa soberan\u00eda pol\u00edtica la logramos<br \/>\nhace m\u00e1s de siglo y medio, pero a\u00fan nos falta construir la soberan\u00eda econ\u00f3mica, pero esa gran tarea la podemos desarrollar juntos e<br \/>\nimplica total transparencia en el manejo de los recursos p\u00fablicos, rendici\u00f3n de<br \/>\ncuentas y cero tolerancia a la corrupci\u00f3n, principios que han regido en mi<br \/>\nadministraci\u00f3n\u201d, abund\u00f3.<\/p>\n<p>Asegur\u00f3 que es necesario fortalecer<br \/>\nel trabajo en equipo para consolidar los resultados en materia de crecimiento<br \/>\necon\u00f3mico, pues las bases ya est\u00e1n sentadas con la construcci\u00f3n de obras que le<br \/>\ncambiar\u00e1n el rostro a la entidad, el planteamiento del proyecto de infraestructura<br \/>\ndel Tren Maya del nuevo gobierno federal, el establecimiento de las zonas<br \/>\necon\u00f3micas especiales de El Carmen y Seybaplaya, y las condiciones de paz y<br \/>\ntranquilidad social que motivan a empresas a invertir en la entidad.<\/p>\n<p>En la sesi\u00f3n solemne, el mandatario<br \/>\nresalt\u00f3 que los campechanos merecen gobernantes y representantes populares a la<br \/>\naltura de los grandes retos y desaf\u00edos que tiene el estado, por lo que la<br \/>\npluralidad no es ni debe ser belicosidad.<\/p>\n<p>\u201cEs mejor convenir que agredir, mejor<br \/>\nacordar que hostigar, mejor construir que destruir; siempre tenemos que pensar<br \/>\nen las familias campechanas\u201d, afirm\u00f3 el gobernador tras resaltar que los<br \/>\nmejores discursos de la tribuna legislativa son los que aportan, proponen y<br \/>\nconstruyen.<\/p>\n<p>Dijo que los<br \/>\nciudadanos quieren acuerdos en su beneficio y no pleitos en su perjuicio, y<br \/>\nesperan que se resuelvan sus asuntos no que se compliquen m\u00e1s, pues la responsabilidad de gobernar<br \/>\nes de los tres poderes. \u201cNo cedamos ning\u00fan cent\u00edmetro al miedo ni a las<br \/>\ndivisiones y estemos unidos por Campeche y los campechanos\u201d, conmin\u00f3.<\/p>\n<p>Manifest\u00f3 que el crecimiento del<br \/>\nestado empieza por la econom\u00eda, por lo que es momento de hacer pol\u00edtica no solo<br \/>\npara ganar posiciones, sino para<br \/>\nconstruir y consolidar la fortaleza econ\u00f3mica del estado.<\/p>\n<p>Record\u00f3 que como parte de lo que se<br \/>\nten\u00eda que hacer para impulsar el crecimiento, se trabaj\u00f3 coordinadamente con la<br \/>\nanterior legislatura en un marco de respeto, cordialidad y pluralidad,<br \/>\natendiendo los se\u00f1alamientos y recomendaciones.<\/p>\n<p>Coment\u00f3 que incluso a quienes les<br \/>\ngeneraba pol\u00e9mica lo que se quer\u00eda hacer por el estado, les pregunt\u00f3: \u00bfCu\u00e1nto<br \/>\nm\u00e1s debemos esperar? \u00bfCu\u00e1nto tiempo debemos estar sin que Campeche se mueva? \u00bfCu\u00e1nto<br \/>\ntiempo necesita Campeche estar parado para que todos trabajemos juntos y en<br \/>\nequipo?<\/p>\n<p>\u201cNo acept\u00e9 ni aceptar\u00e9 jam\u00e1s la idea de que hay que ir despacio. Tengo claro que hay que caminar antes de correr pero<br \/>\ntambi\u00e9n tengo claro que es mejor caminar, que quedarse quieto. A pesar de los retos, no nos rendimos\u201d, remarc\u00f3 el<br \/>\ntitular del Poder Ejecutivo.<\/p>\n<p>Desde la tribuna del congreso local,<br \/>\nMoreno C\u00e1rdenas puntualiz\u00f3 que el mensaje que env\u00edaba a los diputados es de<br \/>\nvoluntad de colaboraci\u00f3n y de cordialidad, por lo que con su presencia extend\u00eda<br \/>\nla mano como amigo, ciudadano, campechano y con pleno respeto de gobernador a<br \/>\nlegislador.<\/p><\/p>\n","protected":false},"excerpt":{"rendered":"<p>\u201cLos ciudadanos quieren acuerdos en su beneficio y no pleitos en su perjuicio\u201d, se\u00f1ala<\/p>\n","protected":false},"author":1018,"featured_media":0,"comment_status":"open","ping_status":"open","sticky":false,"template":"","format":"standard","meta":{"tdm_status":"","tdm_grid_status":"","footnotes":""},"categories":[27],"tags":[],"_links":{"self":[{"href":"https:\/\/dralvarez.com.mx\/larevista\/wp-json\/wp\/v2\/posts\/69791"}],"collection":[{"href":"https:\/\/dralvarez.com.mx\/larevista\/wp-json\/wp\/v2\/posts"}],"about":[{"href":"https:\/\/dralvarez.com.mx\/larevista\/wp-json\/wp\/v2\/types\/post"}],"author":[{"embeddable":true,"href":"https:\/\/dralvarez.com.mx\/larevista\/wp-json\/wp\/v2\/users\/1018"}],"replies":[{"embeddable":true,"href":"https:\/\/dralvarez.com.mx\/larevista\/wp-json\/wp\/v2\/comments?post=69791"}],"version-history":[{"count":0,"href":"https:\/\/dralvarez.com.mx\/larevista\/wp-json\/wp\/v2\/posts\/69791\/revisions"}],"wp:attachment":[{"href":"https:\/\/dralvarez.com.mx\/larevista\/wp-json\/wp\/v2\/media?parent=69791"}],"wp:term":[{"taxonomy":"category","embeddable":true,"href":"https:\/\/dralvarez.com.mx\/larevista\/wp-json\/wp\/v2\/categories?post=69791"},{"taxonomy":"post_tag","embeddable":true,"href":"https:\/\/dralvarez.com.mx\/larevista\/wp-json\/wp\/v2\/tags?post=69791"}],"curies":[{"name":"wp","href":"https:\/\/api.w.org\/{rel}","templated":true}]}}