{"id":69769,"date":"2018-10-01T00:00:00","date_gmt":"2018-10-01T06:00:00","guid":{"rendered":"https:\/\/dralvarez.com.mx\/larevista\/blog\/inaugura-gobernador-amc-infraestructura-en-el-cedar-29863"},"modified":"2018-10-01T00:00:00","modified_gmt":"2018-10-01T06:00:00","slug":"inaugura-gobernador-amc-infraestructura-en-el-cedar-29863","status":"publish","type":"post","link":"https:\/\/dralvarez.com.mx\/larevista\/compeche\/inaugura-gobernador-amc-infraestructura-en-el-cedar-29863","title":{"rendered":"Inaugura gobernador AMC infraestructura en el CEDAR"},"content":{"rendered":"<p>Mediante la inversi\u00f3n de 23.7 millones de pesos, el gobernador Alejandro Moreno C\u00e1rdenas inaugur\u00f3 esta ma\u00f1ana la plataforma y fosa de clavados del Centro de Alto Rendimiento (Cedar).<\/p>\n<p>Ante alumnos, entrenadores y padres de familia, el mandatario estatal se comprometi\u00f3 a gestionar m\u00e1s recursos ante las autoridades federales para seguir avanzando en el fortalecimiento de la infraestructura deportiva, pues la pr\u00e1ctica cotidiana es fundamental para la buena convivencia, la salud y la formaci\u00f3n de talentos.<\/p>\n<p>Expres\u00f3 su reconocimiento a los servidores p\u00fablicos del Instituto del Deporte, porque con su labor han coadyuvado a que la entidad tenga avances importantes en el sector en los \u00faltimos a\u00f1os.<\/p>\n<p>Coment\u00f3 que las instalaciones puestas hoy en servicio contribuir\u00e1n de manera decidida a impulsar la formaci\u00f3n de atletas de alta competici\u00f3n. <br \/>Acompa\u00f1ado del alcalde Edgar Hern\u00e1ndez Hern\u00e1ndez, el gobernador sostuvo que la apertura de este espacio deportivo es ejemplo de que juntos y trabajando con proyecto, con plan estrat\u00e9gico, bien organizados y voluntad inquebrantable se pueden lograr buenos resultados en beneficio de los campechanos.<br \/>Moreno C\u00e1rdenas hizo \u00e9nfasis en que esta obra de infraestructura fue posible realizarla con el respaldo del presidente Enrique Pe\u00f1a Nieto, porque se construy\u00f3 con recursos cien por ciento federales.<\/p>\n<p>Previamente, el director de Obras P\u00fablicas del Ayuntamiento de Campeche, Felipe Jim\u00e9nez Silva, explic\u00f3 que la fosa con alberca ol\u00edmpica integrada tiene las medidas oficiales para eventos nacionales e internacionales y cuenta con plataformas de tres, cinco, siete y 10 metros; con dos trampolines de uno y tres metros, y ba\u00f1os con vestidores.<\/p>\n<p>Especific\u00f3 que en las instalaciones se podr\u00e1n practicar clavados, nado sincronizado, nataci\u00f3n, polo acu\u00e1tico, actividades y salvamento subacu\u00e1ticos, y tambi\u00e9n podr\u00e1 ser utilizada para pruebas de valor en los ex\u00e1menes que realizan las Fuerzas Armadas y las instituciones polic\u00edacas.<\/p>\n<p>Por su parte, el director del Instituto del Deporte de Campeche (Indecam), Jorge Carlos Hurtado Montero destac\u00f3 que con la apertura de la plataforma y fosa de clavados se complementa la oferta deportiva del Centro de Alto Rendimiento, al tiempo que anunci\u00f3 la pr\u00f3xima apertura de escuelas de iniciaci\u00f3n en diversas disciplinas.<\/p>\n<p>Durante el evento, el gobernador Moreno C\u00e1rdenas observ\u00f3 una demostraci\u00f3n que 20 alumnos de nivel avanzado en la disciplina de nataci\u00f3n del Cedar ofrecieron sobre t\u00e9cnicas de crol, espalda, braza y mariposa.<\/p>\n","protected":false},"excerpt":{"rendered":"<p>El gobernador Alejandro Moreno C\u00e1rdenas inaugur\u00f3 esta ma\u00f1ana la plataforma y fosa de clavados del Centro de Alto Rendimiento<\/p>\n","protected":false},"author":1018,"featured_media":0,"comment_status":"open","ping_status":"open","sticky":false,"template":"","format":"standard","meta":{"tdm_status":"","tdm_grid_status":"","footnotes":""},"categories":[27],"tags":[],"_links":{"self":[{"href":"https:\/\/dralvarez.com.mx\/larevista\/wp-json\/wp\/v2\/posts\/69769"}],"collection":[{"href":"https:\/\/dralvarez.com.mx\/larevista\/wp-json\/wp\/v2\/posts"}],"about":[{"href":"https:\/\/dralvarez.com.mx\/larevista\/wp-json\/wp\/v2\/types\/post"}],"author":[{"embeddable":true,"href":"https:\/\/dralvarez.com.mx\/larevista\/wp-json\/wp\/v2\/users\/1018"}],"replies":[{"embeddable":true,"href":"https:\/\/dralvarez.com.mx\/larevista\/wp-json\/wp\/v2\/comments?post=69769"}],"version-history":[{"count":0,"href":"https:\/\/dralvarez.com.mx\/larevista\/wp-json\/wp\/v2\/posts\/69769\/revisions"}],"wp:attachment":[{"href":"https:\/\/dralvarez.com.mx\/larevista\/wp-json\/wp\/v2\/media?parent=69769"}],"wp:term":[{"taxonomy":"category","embeddable":true,"href":"https:\/\/dralvarez.com.mx\/larevista\/wp-json\/wp\/v2\/categories?post=69769"},{"taxonomy":"post_tag","embeddable":true,"href":"https:\/\/dralvarez.com.mx\/larevista\/wp-json\/wp\/v2\/tags?post=69769"}],"curies":[{"name":"wp","href":"https:\/\/api.w.org\/{rel}","templated":true}]}}