{"id":69741,"date":"2018-09-28T00:00:00","date_gmt":"2018-09-28T06:00:00","guid":{"rendered":"https:\/\/dralvarez.com.mx\/larevista\/blog\/sedesyh-lanza-convocatoria-del-programa-computablet-29835"},"modified":"2018-09-28T00:00:00","modified_gmt":"2018-09-28T06:00:00","slug":"sedesyh-lanza-convocatoria-del-programa-computablet-29835","status":"publish","type":"post","link":"https:\/\/dralvarez.com.mx\/larevista\/compeche\/sedesyh-lanza-convocatoria-del-programa-computablet-29835","title":{"rendered":"SEDESYH lanza convocatoria del programa computablet"},"content":{"rendered":"<p>El Gobierno del Estado a trav\u00e9s de la Secretar\u00eda de Desarrollo Social y Humano (SEDESYH) dio a conocer la convocatoria del programa APRENDE en su vertiente \u201cComput@blet\u201d para beneficiar a estudiantes de instituciones educativas p\u00fablicas de educaci\u00f3n media superior y superior, con un equipo de Tecnolog\u00eda de la Informaci\u00f3n y Comunicaci\u00f3n (TIC), contribuir a la permanencia escolar y apoyar su econom\u00eda familiar.<\/p>\n<p>El encargado de despacho de la SEDESYH, Luis Jorge Medina Minet, inform\u00f3 que este programa busca premiar la excelencia acad\u00e9mica de los estudiantes, a trav\u00e9s de equipos digitales, para que los j\u00f3venes tengan las mismas oportunidades de prepararse.<\/p>\n<p>Dijo que \u201cel Gobierno de Alejandro Moreno C\u00e1rdenas, ha fortalecido su pol\u00edtica de inclusi\u00f3n digital y de est\u00edmulo a los j\u00f3venes que se esfuerzan en su preparaci\u00f3n educativa, pues entiende que el mundo actual es muy competido y es indispensable que los estudiantes cuenten con modernas herramientas para hacer frente a los retos educativos\u201d.<\/p>\n<p>Invit\u00f3 a los estudiantes de instituciones educativas p\u00fablicas, de nivel medio superior y superior, este \u00faltimo en sus modalidades de T\u00e9cnico Universitario, Profesional Asociado y Licenciatura, a participar en este programa que tambi\u00e9n apoya la econom\u00eda familiar, ya que mientras sus padres hacen un gran esfuerzo por mandarlos a la escuela, el gobierno los apoya con la herramienta tecnol\u00f3gica.<\/p>\n<p>Medina Minet inform\u00f3 que los estudiantes pueden consultar las bases de la convocatoria en el portal web del Gobierno del Estado, <a target=\"_blank\" rel=\"nofollow noopener\" href=\"http:\/\/www.campeche.gob.mx\">www.campeche.gob.mx<\/a>, as\u00ed como en sus respectivas escuelas y en las oficinas de la SEDESYH, ubicadas en la Avenida Pedro Sainz de Baranda, s\/n, por calle 51, Colonia Centro, San Francisco de Campeche, Campeche; y en las redes sociales de la dependencia en Facebook: Sedesyh y Twitter: @SEDESYH.<\/p>\n<p>Los interesados podr\u00e1n presentar su documentaci\u00f3n hasta el 16 de octubre del presente a\u00f1o, en la Ventanilla \u00danica de la Procuradur\u00eda de los Programas de Desarrollo Social de la SEDESYH, ubicada en la direcci\u00f3n antes mencionada.<\/p>\n<p><\/p>\n","protected":false},"excerpt":{"rendered":"<p>SEDESYH dio a conocer la convocatoria del programa APRENDE en su vertiente \u201cComput@blet\u201d&#8230;<\/p>\n","protected":false},"author":1018,"featured_media":0,"comment_status":"open","ping_status":"open","sticky":false,"template":"","format":"standard","meta":{"tdm_status":"","tdm_grid_status":"","footnotes":""},"categories":[27],"tags":[],"_links":{"self":[{"href":"https:\/\/dralvarez.com.mx\/larevista\/wp-json\/wp\/v2\/posts\/69741"}],"collection":[{"href":"https:\/\/dralvarez.com.mx\/larevista\/wp-json\/wp\/v2\/posts"}],"about":[{"href":"https:\/\/dralvarez.com.mx\/larevista\/wp-json\/wp\/v2\/types\/post"}],"author":[{"embeddable":true,"href":"https:\/\/dralvarez.com.mx\/larevista\/wp-json\/wp\/v2\/users\/1018"}],"replies":[{"embeddable":true,"href":"https:\/\/dralvarez.com.mx\/larevista\/wp-json\/wp\/v2\/comments?post=69741"}],"version-history":[{"count":0,"href":"https:\/\/dralvarez.com.mx\/larevista\/wp-json\/wp\/v2\/posts\/69741\/revisions"}],"wp:attachment":[{"href":"https:\/\/dralvarez.com.mx\/larevista\/wp-json\/wp\/v2\/media?parent=69741"}],"wp:term":[{"taxonomy":"category","embeddable":true,"href":"https:\/\/dralvarez.com.mx\/larevista\/wp-json\/wp\/v2\/categories?post=69741"},{"taxonomy":"post_tag","embeddable":true,"href":"https:\/\/dralvarez.com.mx\/larevista\/wp-json\/wp\/v2\/tags?post=69741"}],"curies":[{"name":"wp","href":"https:\/\/api.w.org\/{rel}","templated":true}]}}