{"id":69740,"date":"2018-09-28T00:00:00","date_gmt":"2018-09-28T06:00:00","guid":{"rendered":"https:\/\/dralvarez.com.mx\/larevista\/blog\/dan-platicas-sobre-prevencion-del-acoso-escolar-a-estudiantes-del-cecytec-29834"},"modified":"2018-09-28T00:00:00","modified_gmt":"2018-09-28T06:00:00","slug":"dan-platicas-sobre-prevencion-del-acoso-escolar-a-estudiantes-del-cecytec-29834","status":"publish","type":"post","link":"https:\/\/dralvarez.com.mx\/larevista\/compeche\/dan-platicas-sobre-prevencion-del-acoso-escolar-a-estudiantes-del-cecytec-29834","title":{"rendered":"Dan pl\u00e1ticas sobre prevenci\u00f3n del acoso escolar a estudiantes del CECYTEC"},"content":{"rendered":"<p>El Consejo Estatal de Seguridad P\u00fablica (CESP), a trav\u00e9s del Centro Estatal de Prevenci\u00f3n Social del Delito y Participaci\u00f3n Ciudadana (CEPREDECAM), imparti\u00f3 pl\u00e1ticas sobre la \u201cPrevenci\u00f3n del acoso escolar\u201d a 780 j\u00f3venes estudiantes del Colegio de Estudios Cient\u00edficos y Tecnol\u00f3gicos (CECYTEC), para crear conciencia sobre los temas de seguridad y prevenci\u00f3n social.<\/p>\n<p>Con el objetivo de orientar a j\u00f3venes y docentes sobre la prevenci\u00f3n de la violencia, y que identifiquen todas las formas de actitudes violentas, intencionadas y repetidas que ocurren sin motivaci\u00f3n evidente, realizadas por uno o varios estudiantes, deben acudir a alguna persona de confianza.<\/p>\n<p>Se pretende alertarlos de situaciones de riesgo a las que pueden estar expuestos, haciendo \u00e9nfasis de las consecuencias m\u00e1s evidentes como son el ausentismo escolar, disminuci\u00f3n del rendimiento, cambios en el comportamiento de la v\u00edctima, entre otras manifestaciones.<\/p>\n<p>Es importante resaltar que con estas acciones, se pretende reforzar la confianza ciudadana en las instituciones y fomentar su participaci\u00f3n para hacer un frente com\u00fan ante la delincuencia, adem\u00e1s se impactar\u00e1 en una mejor percepci\u00f3n ciudadana de la seguridad p\u00fablica y la prevenci\u00f3n del delito.<\/p>\n<p>Tambi\u00e9n se les exhort\u00f3 a hacer uso razonable y responsable del n\u00famero 911 para emergencias.<\/p>\n","protected":false},"excerpt":{"rendered":"<p>CEPREDECAM, imparti\u00f3 pl\u00e1ticas sobre la \u201cPrevenci\u00f3n del acoso escolar\u201d a 780 j\u00f3venes estudiantes&#8230;<\/p>\n","protected":false},"author":1018,"featured_media":0,"comment_status":"open","ping_status":"open","sticky":false,"template":"","format":"standard","meta":{"tdm_status":"","tdm_grid_status":"","footnotes":""},"categories":[27],"tags":[],"_links":{"self":[{"href":"https:\/\/dralvarez.com.mx\/larevista\/wp-json\/wp\/v2\/posts\/69740"}],"collection":[{"href":"https:\/\/dralvarez.com.mx\/larevista\/wp-json\/wp\/v2\/posts"}],"about":[{"href":"https:\/\/dralvarez.com.mx\/larevista\/wp-json\/wp\/v2\/types\/post"}],"author":[{"embeddable":true,"href":"https:\/\/dralvarez.com.mx\/larevista\/wp-json\/wp\/v2\/users\/1018"}],"replies":[{"embeddable":true,"href":"https:\/\/dralvarez.com.mx\/larevista\/wp-json\/wp\/v2\/comments?post=69740"}],"version-history":[{"count":0,"href":"https:\/\/dralvarez.com.mx\/larevista\/wp-json\/wp\/v2\/posts\/69740\/revisions"}],"wp:attachment":[{"href":"https:\/\/dralvarez.com.mx\/larevista\/wp-json\/wp\/v2\/media?parent=69740"}],"wp:term":[{"taxonomy":"category","embeddable":true,"href":"https:\/\/dralvarez.com.mx\/larevista\/wp-json\/wp\/v2\/categories?post=69740"},{"taxonomy":"post_tag","embeddable":true,"href":"https:\/\/dralvarez.com.mx\/larevista\/wp-json\/wp\/v2\/tags?post=69740"}],"curies":[{"name":"wp","href":"https:\/\/api.w.org\/{rel}","templated":true}]}}