{"id":69738,"date":"2018-09-28T00:00:00","date_gmt":"2018-09-28T06:00:00","guid":{"rendered":"https:\/\/dralvarez.com.mx\/larevista\/blog\/aysa-gonzalez-toma-protesta-a-nuevo-gobierno-municipal-de-tenabo-29832"},"modified":"2018-09-28T00:00:00","modified_gmt":"2018-09-28T06:00:00","slug":"aysa-gonzalez-toma-protesta-a-nuevo-gobierno-municipal-de-tenabo-29832","status":"publish","type":"post","link":"https:\/\/dralvarez.com.mx\/larevista\/compeche\/aysa-gonzalez-toma-protesta-a-nuevo-gobierno-municipal-de-tenabo-29832","title":{"rendered":"Aysa Gonz\u00e1lez toma protesta a nuevo gobierno municipal de Tenabo"},"content":{"rendered":"<\/p>\n<p><b>TENABO-.<\/b> En<br \/>\nrepresentaci\u00f3n del gobernador Alejandro Moreno C\u00e1rdenas, el secretario general<br \/>\nde Gobierno, Carlos Miguel Aysa Gonz\u00e1lez, asisti\u00f3 al Tercer Informe de<br \/>\nActividades del alcalde Jos\u00e9 Francisco L\u00f3pez Ku y tom\u00f3 protesta a los integrantes<br \/>\ndel cabildo electo para el per\u00edodo 2018-2021, que preside Mar\u00eda del Carmen Uc<br \/>\nCanul. <\/p>\n<p>En el<br \/>\nauditorio municipal \u201cJorge Carlos Hurtado Valdez\u201d, el secretario general de<br \/>\nGobierno dijo que el desarrollo no se produce por decreto, sino con el trabajo<br \/>\ncoordinado entre el gobierno y la sociedad.<\/p>\n<p>Asever\u00f3<br \/>\nque la ciudadan\u00eda no quiere excusas ni justificaciones, sino respuestas claras<br \/>\na sus demandas, por lo que exhort\u00f3 a las autoridades a invertir el tiempo en<br \/>\nservir a la sociedad.  <\/p>\n<p>Expres\u00f3<br \/>\nel compromiso que tiene el gobernador Moreno C\u00e1rdenas de apoyar a las nuevas<br \/>\nautoridades municipales para generarle a la poblaci\u00f3n mejores condiciones de<br \/>\nvida.<\/p>\n<p>\u201cLa<br \/>\ncampa\u00f1a ya pas\u00f3, el pueblo eligi\u00f3 y corresponde ahora edificar un nuevo<br \/>\ncap\u00edtulo de modernidad y desarrollo para el pueblo tenabe\u00f1o\u201d, enfatiz\u00f3.<\/p>\n<p>Durante<br \/>\nla sesi\u00f3n solemne de cabildo, Aysa Gonz\u00e1lez dijo que gobernar no es una tarea<br \/>\nf\u00e1cil. \u201cDesde fuera todo puede cuestion\u00e1rsele y exig\u00edrsele al gobierno en<br \/>\nturno, pero desde adentro, cuando recae la responsabilidad en quienes sirven y<br \/>\ngobiernan, la percepci\u00f3n cambia\u201d manifest\u00f3. <\/p>\n<p>Antes,<br \/>\nel alcalde saliente Jos\u00e9 Francisco L\u00f3pez Ku, dio lectura a su \u00faltimo informe de<br \/>\ngobierno municipal, donde destac\u00f3 la construcci\u00f3n de siete comedores<br \/>\ncomunitarios; 158 acciones de vivienda; la colocaci\u00f3n de l\u00e1mparas tipo Led en<br \/>\nocho colonias; la repavimentaci\u00f3n de 10 calles del municipio y la construcci\u00f3n<br \/>\nde dos canchas techadas. <\/p>\n<p>La<br \/>\nalcaldesa electa Mar\u00eda del Carmen Uc Canul, en su mensaje de toma de protesta,<br \/>\nse comprometi\u00f3 a trabajar junto al gobierno estatal para impulsar acciones de<br \/>\napoyo al campo, al deporte y al turismo, as\u00ed como programas de vivienda para<br \/>\nlas familias m\u00e1s necesitadas y becas para estudiantes.<\/p>\n<p>Asistieron<br \/>\na la ceremonia, el titular del Poder Judicial, Miguel \u00c1ngel Chuc L\u00f3pez; el<br \/>\nsenador An\u00edbal Ostoa Ortega y el diputado federal Carlos Mart\u00ednez Ak\u00e9. <\/p>\n<p><\/p>\n","protected":false},"excerpt":{"rendered":"<p>Recibe Tercer Informe del alcalde L\u00f3pez Ku<\/p>\n","protected":false},"author":1018,"featured_media":0,"comment_status":"open","ping_status":"open","sticky":false,"template":"","format":"standard","meta":{"tdm_status":"","tdm_grid_status":"","footnotes":""},"categories":[27],"tags":[],"_links":{"self":[{"href":"https:\/\/dralvarez.com.mx\/larevista\/wp-json\/wp\/v2\/posts\/69738"}],"collection":[{"href":"https:\/\/dralvarez.com.mx\/larevista\/wp-json\/wp\/v2\/posts"}],"about":[{"href":"https:\/\/dralvarez.com.mx\/larevista\/wp-json\/wp\/v2\/types\/post"}],"author":[{"embeddable":true,"href":"https:\/\/dralvarez.com.mx\/larevista\/wp-json\/wp\/v2\/users\/1018"}],"replies":[{"embeddable":true,"href":"https:\/\/dralvarez.com.mx\/larevista\/wp-json\/wp\/v2\/comments?post=69738"}],"version-history":[{"count":0,"href":"https:\/\/dralvarez.com.mx\/larevista\/wp-json\/wp\/v2\/posts\/69738\/revisions"}],"wp:attachment":[{"href":"https:\/\/dralvarez.com.mx\/larevista\/wp-json\/wp\/v2\/media?parent=69738"}],"wp:term":[{"taxonomy":"category","embeddable":true,"href":"https:\/\/dralvarez.com.mx\/larevista\/wp-json\/wp\/v2\/categories?post=69738"},{"taxonomy":"post_tag","embeddable":true,"href":"https:\/\/dralvarez.com.mx\/larevista\/wp-json\/wp\/v2\/tags?post=69738"}],"curies":[{"name":"wp","href":"https:\/\/api.w.org\/{rel}","templated":true}]}}