{"id":69720,"date":"2018-09-28T00:00:00","date_gmt":"2018-09-28T06:00:00","guid":{"rendered":"https:\/\/dralvarez.com.mx\/larevista\/blog\/sectur-participa-en-la-ceremonia-del-dia-mundial-del-turismo-29813"},"modified":"2018-09-28T00:00:00","modified_gmt":"2018-09-28T06:00:00","slug":"sectur-participa-en-la-ceremonia-del-dia-mundial-del-turismo-29813","status":"publish","type":"post","link":"https:\/\/dralvarez.com.mx\/larevista\/compeche\/sectur-participa-en-la-ceremonia-del-dia-mundial-del-turismo-29813","title":{"rendered":"SECTUR participa en la ceremonia del d\u00eda mundial del turismo"},"content":{"rendered":"<p>En su car\u00e1cter de Presidente de la Uni\u00f3n de Secretarios de Turismo de M\u00e9xico, A.C. (ASETUR), el Secretario de Turismo del Gobierno del Estado de Campeche, Jorge Enrique Manos Esparragoza, particip\u00f3 en la ceremonia del D\u00eda Mundial de Turismo que el Instituto de Competitividad Tur\u00edstica (ICTUR) de la Secretar\u00eda de Turismo Federal, realiz\u00f3 en el Palacio de Bellas Artes en la Ciudad de M\u00e9xico.<\/p>\n<p>Este evento fue presidido por el Secretario de Turismo federal, Enrique de la Madrid Cordero; en el cual se presentaron las buenas pr\u00e1cticas que se llevan a cabo en favor de los avances tecnol\u00f3gicos en los sectores p\u00fablico, empresarial, acad\u00e9mico y social a favor del turismo en M\u00e9xico.<\/p>\n<p>Cabe se\u00f1alar que el lema del D\u00eda Mundial del Turismo es \u201cTurismo y transformaci\u00f3n digital\u201d, ya que, derivado de los avances digitales, el sector tur\u00edstico puede contribuir al logro de importantes objetivos de desarrollo como el fomento de la iniciativa empresarial y de la inclusi\u00f3n, el empoderamiento de la comunidad local y la eficacia en la gesti\u00f3n de los recursos, entre otros.<\/p>\n<p>Este a\u00f1o, el D\u00eda Mundial del Turismo se centra en la necesidad de invertir en tecnolog\u00edas digitales revolucionarias que ayuden a crear un entorno de innovaci\u00f3n y emprendimiento en el turismo. En su intervenci\u00f3n el Secretario de Turismo destac\u00f3 que \u201cen la actualidad no podemos pensar en turismo sin el desarrollo tecnol\u00f3gico y digital, ya que los tel\u00e9fonos inteligentes y las aplicaciones han provocado que las personas puedan desarrollar mejor sus actividades laborales y su vida general\u201d, asimismo resalt\u00f3 que \u201cestos cambios han simplificado la planeaci\u00f3n de viajes, ya que resulta m\u00e1s sencillo reservar hoteles o transportaci\u00f3n beneficiando a los viajeros y a los prestadores de servicios de una manera m\u00e1s sencilla\u201d.<\/p>\n<p>Finalmente, Jorge Manos Esparragoza, reiter\u00f3 el compromiso de los Secretarios y Funcionarios de Turismo de las 32 entidades federativas, de dar continuidad a la innovaci\u00f3n que permita aprovechar la era digital y generar un desarrollo tur\u00edstico sostenible.<\/p>\n","protected":false},"excerpt":{"rendered":"<p>El Secretario de Turismo del Gobierno del Estado de Campeche, Jorge Enrique Manos Esparragoza, particip\u00f3 en la ceremonia del D\u00eda Mundial de Turismo<\/p>\n","protected":false},"author":1018,"featured_media":0,"comment_status":"open","ping_status":"open","sticky":false,"template":"","format":"standard","meta":{"tdm_status":"","tdm_grid_status":"","footnotes":""},"categories":[27],"tags":[],"_links":{"self":[{"href":"https:\/\/dralvarez.com.mx\/larevista\/wp-json\/wp\/v2\/posts\/69720"}],"collection":[{"href":"https:\/\/dralvarez.com.mx\/larevista\/wp-json\/wp\/v2\/posts"}],"about":[{"href":"https:\/\/dralvarez.com.mx\/larevista\/wp-json\/wp\/v2\/types\/post"}],"author":[{"embeddable":true,"href":"https:\/\/dralvarez.com.mx\/larevista\/wp-json\/wp\/v2\/users\/1018"}],"replies":[{"embeddable":true,"href":"https:\/\/dralvarez.com.mx\/larevista\/wp-json\/wp\/v2\/comments?post=69720"}],"version-history":[{"count":0,"href":"https:\/\/dralvarez.com.mx\/larevista\/wp-json\/wp\/v2\/posts\/69720\/revisions"}],"wp:attachment":[{"href":"https:\/\/dralvarez.com.mx\/larevista\/wp-json\/wp\/v2\/media?parent=69720"}],"wp:term":[{"taxonomy":"category","embeddable":true,"href":"https:\/\/dralvarez.com.mx\/larevista\/wp-json\/wp\/v2\/categories?post=69720"},{"taxonomy":"post_tag","embeddable":true,"href":"https:\/\/dralvarez.com.mx\/larevista\/wp-json\/wp\/v2\/tags?post=69720"}],"curies":[{"name":"wp","href":"https:\/\/api.w.org\/{rel}","templated":true}]}}