{"id":69719,"date":"2018-09-28T00:00:00","date_gmt":"2018-09-28T06:00:00","guid":{"rendered":"https:\/\/dralvarez.com.mx\/larevista\/blog\/campeche-a-la-vanguardia-en-el-impulso-de-la-ciencia-y-tecnologia-en-los-centros-educativos-medina-farfan-29812"},"modified":"2018-09-28T00:00:00","modified_gmt":"2018-09-28T06:00:00","slug":"campeche-a-la-vanguardia-en-el-impulso-de-la-ciencia-y-tecnologia-en-los-centros-educativos-medina-farfan-29812","status":"publish","type":"post","link":"https:\/\/dralvarez.com.mx\/larevista\/compeche\/campeche-a-la-vanguardia-en-el-impulso-de-la-ciencia-y-tecnologia-en-los-centros-educativos-medina-farfan-29812","title":{"rendered":"Campeche a la vanguardia en el impulso de la ciencia y tecnolog\u00eda en los centros educativos: Medina Farf\u00e1n"},"content":{"rendered":"<\/p>\n<p>Campeche se<br \/>\nconsolida como una entidad a la vanguardia en la implementaci\u00f3n de acciones que<br \/>\nimpulsan la ciencia y la tecnolog\u00eda en los centros educativos, fomentando as\u00ed<br \/>\nel inter\u00e9s de los j\u00f3venes por estas ramas que son fundamentales para el<br \/>\ndesarrollo de sus talentos y del Estado, asegur\u00f3 el secretario de Educaci\u00f3n,<br \/>\nRicardo Medina Farf\u00e1n.<\/p>\n<p>Al<br \/>\nencabezar la Conferencia de Prensa, en el marco de la nueva din\u00e1mica que<br \/>\nefect\u00faa la Unidad de Comunicaci\u00f3n Social del Gobierno del Estado que fortalece<br \/>\nla pol\u00edtica de puertas abiertas y transparencia de esta administraci\u00f3n que<br \/>\ndirige Alejandro Moreno C\u00e1rdenas, Medina Farf\u00e1n destac\u00f3 algunas de las<br \/>\nimportantes acciones que se impulsan desde la Secretar\u00eda de Educaci\u00f3n (SEDUC) y<br \/>\nque abordan el uso de la ciencia y la tecnolog\u00eda en los planteles, que permiten<br \/>\nabonar al desarrollo de j\u00f3venes talentos al igual que del pa\u00eds y el Estado.<\/p>\n<p>En este<br \/>\nsentido, el funcionario estatal se\u00f1al\u00f3 que, siguiendo las instrucciones del<br \/>\ngobernador Alejandro Moreno C\u00e1rdenas, la SEDUC, en coordinaci\u00f3n con diversas<br \/>\ninstituciones, ha desarrollado actividades en todos los niveles educativos<br \/>\ndesde el nivel b\u00e1sico hasta el superior, participando en eventos tanto de<br \/>\n\u00edndole nacional como internacional, con miras a ofrecerle a los j\u00f3venes la<br \/>\nposibilidad de que puedan tener experiencias de \u00e9xito, de competencia, y que al<br \/>\nmismo tiempo desarrollen en ellos conocimientos y aprendizajes, y sobre todo,<br \/>\nque les permite demostrar la gran capacidad que tienen en cualquier \u00e1mbito.<\/p>\n<p>Ejemplo de<br \/>\nello, dijo, son los j\u00f3venes de la Universidad Aut\u00f3noma de Campeche (UAC) que<br \/>\nganaron medalla de bronce en la 28 Olimpiada Nacional de Biolog\u00eda; as\u00ed tambi\u00e9n,<br \/>\nestudiantes de la Universidad Aut\u00f3noma de Carmen (UNACAR) quienes ganaron el<br \/>\ntercer lugar en la copa Robocop que organiz\u00f3 el Instituto Polit\u00e9cnico Nacional,<br \/>\ny en el Congreso de la Sociedad Mexicana de Ingenier\u00eda Mec\u00e1nica ganaron el<br \/>\nprimero, segundo y tercer lugar con prototipos.<\/p>\n<p>Asimismo,<br \/>\nalumnos del Instituto Tecnol\u00f3gico de Campeche ganaron el segundo lugar nacional<br \/>\nen el evento de Innovaci\u00f3n convocado por el Tecnol\u00f3gico Nacional de M\u00e9xico;<br \/>\nj\u00f3venes del Tecnol\u00f3gico de Calkin\u00ed (ITESCAM), con su proyecto de caf\u00e9 basado en<br \/>\nJamaica, que representar\u00e1n a M\u00e9xico en T\u00fanez en el Festival Internacional de<br \/>\nIngenier\u00eda, Ciencia y Tecnolog\u00eda; y estudiantes de la UTCAM participar\u00e1n en un<br \/>\nconcurso internacional en Tailandia en la Copa Internacional de Rob\u00f3tica.<\/p>\n<p>Acompa\u00f1ado<br \/>\nde alumnos del CONALEP plantel Dzitbalch\u00e9, integrantes de la escuder\u00eda \u201cF\u00e9nix\u201d,<br \/>\nel titular de la SEDUC destac\u00f3 el desempe\u00f1o de estos j\u00f3venes que representaron<br \/>\na M\u00e9xico en la fase internacional del desaf\u00edo tecnol\u00f3gico \u201cF1 in Schools\u201d que<br \/>\nse realiz\u00f3 en Singapur, en donde quedaron en lugar 16 entre 51 equipos de todo<br \/>\nel mundo.<\/p>\n<p>\u201cEst\u00e1s son<br \/>\nparte de las acciones que se vienen impulsando desde la SEDUC atendiendo la<br \/>\ninstrucci\u00f3n del gobernador para abrir oportunidades, espacios de formaci\u00f3n, de<br \/>\ncompetencia en nuestros j\u00f3venes y que tengan la oportunidad de desarrollar su<br \/>\ntalento y esto al final, es muestra que en Campeche contamos con j\u00f3venes talentosos<br \/>\nque han estado destacando y que llevan el nombre d nuestro Estado y sus<br \/>\ninstituciones al m\u00e1s alto nivel\u201d, afirm\u00f3.<\/p>\n<p>De igual<br \/>\nmanera, el secretario de Educaci\u00f3n destac\u00f3 que en fechas pr\u00f3ximas, se llevar\u00e1n<br \/>\na cabo en la entidad, dos eventos de suma importancia; uno es la fase estatal<br \/>\nde la Expo Ciencias 2018, que agrupa instituciones educativas de todos los<br \/>\nniveles para que desarrollen proyectos de cortes cient\u00edficos y tecnol\u00f3gicos. Se<br \/>\nesperan m\u00e1s de 100 equipos en esta edici\u00f3n y de ellos, se seleccionar\u00e1n a 10<br \/>\nque representar\u00e1n al Estado en la fase nacional.<\/p>\n<p>Tambi\u00e9n,<br \/>\nCampeche ser\u00e1 sede de la 32 Olimpiada Mexicana de Matem\u00e1ticas, que es un evento<br \/>\nque a\u00f1o con a\u00f1o se realiza y es el m\u00e1s importante para poder captar talentos y<br \/>\nj\u00f3venes orientados a estas habilidades espec\u00edficas; en este se espera recibir a<br \/>\ncerca de 200 j\u00f3venes de distintos Estados del pa\u00eds.<\/p><\/p>\n","protected":false},"excerpt":{"rendered":"<p>Encabeza conferencia de prensa&#8230;<\/p>\n","protected":false},"author":1018,"featured_media":0,"comment_status":"open","ping_status":"open","sticky":false,"template":"","format":"standard","meta":{"tdm_status":"","tdm_grid_status":"","footnotes":""},"categories":[27],"tags":[],"_links":{"self":[{"href":"https:\/\/dralvarez.com.mx\/larevista\/wp-json\/wp\/v2\/posts\/69719"}],"collection":[{"href":"https:\/\/dralvarez.com.mx\/larevista\/wp-json\/wp\/v2\/posts"}],"about":[{"href":"https:\/\/dralvarez.com.mx\/larevista\/wp-json\/wp\/v2\/types\/post"}],"author":[{"embeddable":true,"href":"https:\/\/dralvarez.com.mx\/larevista\/wp-json\/wp\/v2\/users\/1018"}],"replies":[{"embeddable":true,"href":"https:\/\/dralvarez.com.mx\/larevista\/wp-json\/wp\/v2\/comments?post=69719"}],"version-history":[{"count":0,"href":"https:\/\/dralvarez.com.mx\/larevista\/wp-json\/wp\/v2\/posts\/69719\/revisions"}],"wp:attachment":[{"href":"https:\/\/dralvarez.com.mx\/larevista\/wp-json\/wp\/v2\/media?parent=69719"}],"wp:term":[{"taxonomy":"category","embeddable":true,"href":"https:\/\/dralvarez.com.mx\/larevista\/wp-json\/wp\/v2\/categories?post=69719"},{"taxonomy":"post_tag","embeddable":true,"href":"https:\/\/dralvarez.com.mx\/larevista\/wp-json\/wp\/v2\/tags?post=69719"}],"curies":[{"name":"wp","href":"https:\/\/api.w.org\/{rel}","templated":true}]}}