{"id":69718,"date":"2018-09-28T00:00:00","date_gmt":"2018-09-28T06:00:00","guid":{"rendered":"https:\/\/dralvarez.com.mx\/larevista\/blog\/anuncia-gobernador-amc-100-mdp-para-revitalizar-el-centro-del-barrio-de-san-roman-29811"},"modified":"2018-09-28T00:00:00","modified_gmt":"2018-09-28T06:00:00","slug":"anuncia-gobernador-amc-100-mdp-para-revitalizar-el-centro-del-barrio-de-san-roman-29811","status":"publish","type":"post","link":"https:\/\/dralvarez.com.mx\/larevista\/compeche\/anuncia-gobernador-amc-100-mdp-para-revitalizar-el-centro-del-barrio-de-san-roman-29811","title":{"rendered":"Anuncia gobernador AMC 100 MDP para revitalizar el centro del barrio de san Rom\u00e1n"},"content":{"rendered":"<p>El gobernador Alejandro Moreno C\u00e1rdenas dio a conocer que alrededor de 100 millones de pesos se destinar\u00e1n en el proyecto general de revitalizaci\u00f3n del centro del barrio de San Rom\u00e1n, cuya primera de tres etapas ya se encuentra en marcha, con lo que se fortalecer\u00e1 no solo la identidad y el orgullo campechano, sino se fomentar\u00e1 el impulso tur\u00edstico en esa zona hist\u00f3rica de la ciudad.<br \/>Al asistir a la presentaci\u00f3n del Proyecto de revitalizaci\u00f3n urbana del centro del barrio de San Rom\u00e1n, sostuvo que su gobierno cumplir\u00e1 su compromiso de transformar y modernizar Campeche.<\/p>\n<p>Moreno C\u00e1rdenas explic\u00f3 que las obras llevan su tiempo de construcci\u00f3n, por lo que pidi\u00f3 a los vecinos tener paciencia, pues cuando concluyan los trabajos toda la poblaci\u00f3n disfrutar\u00e1 de sus beneficios.<\/p>\n<p>En ese sentido, coment\u00f3 que la ciudad tendr\u00e1 un rostro moderno cuando en las pr\u00f3ximas semanas se terminen los trabajos del primer distribuidor vial de todo el sureste, que es el que se construye en esta ciudad capital, as\u00ed como las fuentes marinas del malec\u00f3n, el parque del Moch Couoh y la avenida costera \u201cPedro Sainz de Baranda\u201d.<\/p>\n<p>Record\u00f3 que cuando asumi\u00f3 el cargo de gobernador el puente de La Unidad estaba cancelado, pero como resultado de las gestiones que hizo ante el presidente Enrique Pe\u00f1a Nieto se logr\u00f3 reiniciarla y adem\u00e1s se consigui\u00f3 que la concesi\u00f3n que se le hab\u00eda dado al gobierno federal, regresar\u00e1 al estado. <\/p>\n<p>Sostuvo que todos los compromisos que asumi\u00f3 con los campechanos los cumplir\u00e1, ya que no puede haber pretextos ante la ciudadan\u00eda, y quien se quiera escudar en ellos diciendo que no se puede porque no lo apoyan o porque no hay, van a demostrar su incapacidad para gobernar.<\/p>\n<p>\u201cUstedes jam\u00e1s han escuchado de m\u00ed, ni jam\u00e1s escuchar\u00e1n decir que no hay recursos o que no se puede, esa es mi responsabilidad, gestionar y trabajar ante el Gobierno de la Rep\u00fablica porque los campechanos para ello me eligieron, para resolver los asuntos que tiene el estado\u201d, precis\u00f3.<\/p>\n<p>Moreno C\u00e1rdenas asever\u00f3 que no se gobierna con ocurrencias ni con payasadas, se gobierna con seriedad, con madurez, con sensatez, trabajando juntos y en equipo para que haya m\u00e1s recursos, m\u00e1s infraestructura y para seguir construyendo el Campeche m\u00e1s hermoso de toda la historia.<\/p>\n<p>En tanto, el subsecretario de Desarrollo Urbano, \u00c1lvaro Buenfil Berm\u00fadez, coment\u00f3 que el proyecto tiene el objetivo de revitalizar los espacios que conforman la zona, potenciar el uso de los mismos y promover la  presencia de turistas, por lo que se ha programado favorecer la inclusi\u00f3n de todos los usuarios posibles, entre ellos, adultos mayores, personas con discapacidad e infantes.<\/p>\n<p>Explic\u00f3 que el proyecto contempla en un \u00e1rea de 36 mil metros cuadrados ejecutar 15 acciones entre las que se encuentran: reforestar \u00e1reas para aumentar las superficies sombreadas del parque; incrementar la iluminaci\u00f3n con nuevos postes, l\u00e1mparas y a\u00f1adiendo conexi\u00f3n Wifi en el parque; adicionar servicios sanitarios, agregar cubiertas de cristal al auditorio abierto frente a la Concha Ac\u00fastica y a las canchas deportivas para aumentar sus posibilidades de uso, y colocar juegos infantiles, ejercitadores, mesas y tableros.<\/p>\n<p>Adem\u00e1s, se contempla organizar las \u00e1reas de estacionamiento, favorecer la instalaci\u00f3n de camiones para ventas de alimentos, revitalizar en la zona de la iglesia el \u00e1rea de l\u00e1pidas, disponer de una efigie de San Rom\u00e1n M\u00e1rtir a modo de cruz atrial para aumentar la difusi\u00f3n del origen del barrio, y restaurar los monumentos para devolverles la apariencia original, pues no se demoler\u00e1n ya que son parte del patrimonio hist\u00f3rico catalogado por el INBA.<\/p>\n<p>Tambi\u00e9n se ha programado sustituir el pasto del parque de San Rom\u00e1n por vegetaci\u00f3n cubresuelo nativa para mantener las \u00e1reas verdes a menor costo ecol\u00f3gico, a\u00f1adir desalentadores de anidaci\u00f3n para aves en el interior del quiosco, conformar un circuito con indicaci\u00f3n de distancias y pavimento permeable para favorecer la caminata y el tr\u00e1nsito peatonal, y otro para bicicletas, patines y patinetas.<\/p>\n<p>Precis\u00f3 que tan solo en la primera etapa, ya iniciada, se invertir\u00e1n aproximadamente 17.5 millones de pesos. Los trabajos son: rehabilitaci\u00f3n del estacionamiento y construcci\u00f3n del paradero de transporte p\u00fablico sobre el Circuito Baluartes, con un costo de 6.2 millones; rehabilitaci\u00f3n del parque de Los Poetas y la explanada del monumento \u201cH\u00e9ctor P\u00e9rez Mart\u00ednez\u201d, con una inversi\u00f3n de 6.3 millones y suministro e instalaci\u00f3n de mobiliario urbano (pasto sint\u00e9tico, m\u00f3dulos de juegos infantiles, ejercitadores, mesas de picnic, bancas, mesas de ajedrez, entre otros aditamentos), con un monto de 4.7 millones de pesos.<\/p>\n<p>Inform\u00f3 que en la segunda etapa se ha proyectado construir el techo en la zona abierta de la Concha Ac\u00fastica con una inversi\u00f3n de 30 millones de pesos.<\/p>\n<p>Por su parte, el secretario de Desarrollo Urbano, Obras P\u00fablicas e Infraestructura, Edilberto Buenfil Montalvo, enfatiz\u00f3 que la revitalizaci\u00f3n urbana es parte del proyecto de trasformaci\u00f3n del estado que incluye obras importantes como el distribuidor vial de la avenida Gobernadores que concluir\u00e1 el pr\u00f3ximo mes de octubre, el puente de La Unidad, en febrero de 2019 y las fuentes marinas que estar\u00edan listas para enero pr\u00f3ximo.<\/p>\n<p>Dijo que no se trata de hacer las cosas a la carrera por cumplir una meta, sino que las obras se ejecuten bien en calidad y costo, al tiempo que coment\u00f3 que en toda la entidad se han realizado y est\u00e1n en marcha diversas obras de beneficio social, entre ellas m\u00e1s de 80 canchas techadas, un mill\u00f3n de metros cuadrados de conservaci\u00f3n de calles, m\u00e1s de 250 kil\u00f3metros de arterias pavimentadas y la reparaci\u00f3n de tres puentes tubulares en la zona de Yohalt\u00fan.<\/p>\n<p>Por otro lado, indic\u00f3 que por instrucciones del gobernador Moreno C\u00e1rdenas los recursos que se iban a destinar a la ampliaci\u00f3n de las banquetas en la calle 53, obra a la cual se opusieron los vecinos, ser\u00e1n destinados a la construcci\u00f3n del drenaje de la Quinta de los Espa\u00f1oles.<\/p>\n<p>Previamente, la subsecretaria de Comunicaciones, Gabriela Torres Tzec, signific\u00f3 que de manera in\u00e9dita esta administraci\u00f3n ha invertido m\u00e1s de 20 millones de pesos en repavimentaci\u00f3n de m\u00e1s de 45 mil metros cuadrados, equivalentes a siete kil\u00f3metros de calles, tan solo en el barrio de San Rom\u00e1n.<\/p>\n<p><\/p>\n<p><\/p><\/p>\n","protected":false},"excerpt":{"rendered":"<p>El gobernador Alejandro Moreno C\u00e1rdenas dio a conocer que alrededor de 100 millones de pesos se destinar\u00e1n en el proyecto general&#8230;<\/p>\n","protected":false},"author":1018,"featured_media":0,"comment_status":"open","ping_status":"open","sticky":false,"template":"","format":"standard","meta":{"tdm_status":"","tdm_grid_status":"","footnotes":""},"categories":[27],"tags":[],"_links":{"self":[{"href":"https:\/\/dralvarez.com.mx\/larevista\/wp-json\/wp\/v2\/posts\/69718"}],"collection":[{"href":"https:\/\/dralvarez.com.mx\/larevista\/wp-json\/wp\/v2\/posts"}],"about":[{"href":"https:\/\/dralvarez.com.mx\/larevista\/wp-json\/wp\/v2\/types\/post"}],"author":[{"embeddable":true,"href":"https:\/\/dralvarez.com.mx\/larevista\/wp-json\/wp\/v2\/users\/1018"}],"replies":[{"embeddable":true,"href":"https:\/\/dralvarez.com.mx\/larevista\/wp-json\/wp\/v2\/comments?post=69718"}],"version-history":[{"count":0,"href":"https:\/\/dralvarez.com.mx\/larevista\/wp-json\/wp\/v2\/posts\/69718\/revisions"}],"wp:attachment":[{"href":"https:\/\/dralvarez.com.mx\/larevista\/wp-json\/wp\/v2\/media?parent=69718"}],"wp:term":[{"taxonomy":"category","embeddable":true,"href":"https:\/\/dralvarez.com.mx\/larevista\/wp-json\/wp\/v2\/categories?post=69718"},{"taxonomy":"post_tag","embeddable":true,"href":"https:\/\/dralvarez.com.mx\/larevista\/wp-json\/wp\/v2\/tags?post=69718"}],"curies":[{"name":"wp","href":"https:\/\/api.w.org\/{rel}","templated":true}]}}