{"id":69694,"date":"2018-09-27T00:00:00","date_gmt":"2018-09-27T06:00:00","guid":{"rendered":"https:\/\/dralvarez.com.mx\/larevista\/blog\/sedesyh-lanza-convocatoria-de-servicio-social-para-crecer-29786"},"modified":"2018-09-27T00:00:00","modified_gmt":"2018-09-27T06:00:00","slug":"sedesyh-lanza-convocatoria-de-servicio-social-para-crecer-29786","status":"publish","type":"post","link":"https:\/\/dralvarez.com.mx\/larevista\/compeche\/sedesyh-lanza-convocatoria-de-servicio-social-para-crecer-29786","title":{"rendered":"SEDESYH lanza convocatoria De \u201cservicio social para crecer\u201d"},"content":{"rendered":"<\/p>\n<p>Para que m\u00e1s j\u00f3venes contin\u00faen sus estudios de educaci\u00f3n media superior y superior, fomentar su desarrollo personal y profesional, as\u00ed como contribuir a su econom\u00eda familiar, la Secretar\u00eda de Desarrollo Social y Humano (SEDESYH) lanz\u00f3 la convocatoria del programa APRENDE en su modalidad \u201cServicio Social para Crecer\u201d, segunda etapa 2018.&nbsp;<\/p>\n<p>El encargado de despacho de la SEDESYH, Luis Jorge Medina Minet, inform\u00f3 que la beca est\u00e1 dirigida a estudiantes residentes del estado de Campeche, inscritos en instituciones p\u00fablicas de educaci\u00f3n media superior y superior, que est\u00e9n realizando su servicio social, pr\u00e1cticas o residencia profesional, pasantes o egresados con inter\u00e9s de obtener su primera experiencia laboral.<\/p>\n<p>Dijo que el Gobernador Alejandro Moreno C\u00e1rdenas est\u00e1 comprometido con apoyar a los j\u00f3venes por ser el motor del presente y futuro de la entidad. Agreg\u00f3 que \u201cnecesitamos a estudiantes bien preparados, bien capacitados, que trabajen en armon\u00eda y uni\u00f3n, que es lo que necesita el estado\u201d.<\/p>\n<p>Detall\u00f3 que los estudiantes de nivel medio superior recibir\u00e1n tres mil pesos y los de nivel superior seis mil, que los ayudar\u00e1 en los gastos de pasaje, as\u00ed como en la compra de materiales para realizar mejor sus actividades escolares, ya que muchos no cuentan con la econom\u00eda para solventar sus gastos.<\/p>\n<p>Por ello, a trav\u00e9s de esta beca, se contribuye &nbsp;a la conclusi\u00f3n de las actividades acad\u00e9micas, de titulaci\u00f3n y desarrollo profesional de estudiantes en vulnerabilidad econ\u00f3mica, apoyando su educaci\u00f3n.<\/p>\n<p>Medina Minet inform\u00f3 que los estudiantes pueden consultar las bases de la convocatoria en el portal Web del Gobierno del Estado, <a target=\"_blank\" rel=\"nofollow noopener\" href=\"http:\/\/www.campeche.gob.mx\/\">www.campeche.gob.mx<\/a>, as\u00ed como en sus respectivas escuelas y en las oficinas de la SEDESYH, ubicadas en la Avenida Pedro S\u00e1inz de Baranda, s\/n, por calle 51, Colonia Centro, San Francisco de Campeche, Campeche; y en las redes sociales de la dependencia en Facebook: Sedesyh y Twitter: @SEDESYH.<\/p>\n<p>Los interesados podr\u00e1n presentar su documentaci\u00f3n hasta el 16 de octubre del presente a\u00f1o, en la Ventanilla \u00danica de la Procuradur\u00eda de los Programas de Desarrollo Social de la SEDESYH, ubicada en la direcci\u00f3n antes mencionada<\/p><\/p>\n","protected":false},"excerpt":{"rendered":"<p>El encargado de despacho de la SEDESYH, Luis Jorge Medina Minet, inform\u00f3 que la beca est\u00e1 dirigida a estudiantes residentes del estado de Campeche<\/p>\n","protected":false},"author":1018,"featured_media":0,"comment_status":"open","ping_status":"open","sticky":false,"template":"","format":"standard","meta":{"tdm_status":"","tdm_grid_status":"","footnotes":""},"categories":[27],"tags":[],"_links":{"self":[{"href":"https:\/\/dralvarez.com.mx\/larevista\/wp-json\/wp\/v2\/posts\/69694"}],"collection":[{"href":"https:\/\/dralvarez.com.mx\/larevista\/wp-json\/wp\/v2\/posts"}],"about":[{"href":"https:\/\/dralvarez.com.mx\/larevista\/wp-json\/wp\/v2\/types\/post"}],"author":[{"embeddable":true,"href":"https:\/\/dralvarez.com.mx\/larevista\/wp-json\/wp\/v2\/users\/1018"}],"replies":[{"embeddable":true,"href":"https:\/\/dralvarez.com.mx\/larevista\/wp-json\/wp\/v2\/comments?post=69694"}],"version-history":[{"count":0,"href":"https:\/\/dralvarez.com.mx\/larevista\/wp-json\/wp\/v2\/posts\/69694\/revisions"}],"wp:attachment":[{"href":"https:\/\/dralvarez.com.mx\/larevista\/wp-json\/wp\/v2\/media?parent=69694"}],"wp:term":[{"taxonomy":"category","embeddable":true,"href":"https:\/\/dralvarez.com.mx\/larevista\/wp-json\/wp\/v2\/categories?post=69694"},{"taxonomy":"post_tag","embeddable":true,"href":"https:\/\/dralvarez.com.mx\/larevista\/wp-json\/wp\/v2\/tags?post=69694"}],"curies":[{"name":"wp","href":"https:\/\/api.w.org\/{rel}","templated":true}]}}