{"id":69693,"date":"2018-09-27T00:00:00","date_gmt":"2018-09-27T06:00:00","guid":{"rendered":"https:\/\/dralvarez.com.mx\/larevista\/blog\/jefe-de-la-ucs-encabeza-inicio-de-conferencias-29785"},"modified":"2018-09-27T00:00:00","modified_gmt":"2018-09-27T06:00:00","slug":"jefe-de-la-ucs-encabeza-inicio-de-conferencias-29785","status":"publish","type":"post","link":"https:\/\/dralvarez.com.mx\/larevista\/compeche\/jefe-de-la-ucs-encabeza-inicio-de-conferencias-29785","title":{"rendered":"Jefe de la UCS encabeza inicio de conferencias"},"content":{"rendered":"<\/p>\n<p>Como parte de un ejercicio de<br \/>\ntransparencia con la ciudadan\u00eda y de una nueva din\u00e1mica, el jefe de la Unidad<br \/>\nde Comunicaci\u00f3n Social del Gobierno del Estado, Walter Olivera Valladares, encabez\u00f3<br \/>\nel inicio de las conferencias de prensa que, a partir de hoy y de manera constante,<br \/>\nse llevar\u00e1n a cabo en el Sal\u00f3n de Gobernadores del Palacio de Gobierno para dar<br \/>\na conocer los trabajos que actualmente se realizan en cada una de las<br \/>\ndependencias para beneficio de la poblaci\u00f3n campechana.<\/p>\n<p>En un breve mensaje, Olivera<br \/>\nValladares subray\u00f3 que es inter\u00e9s del gobernador Alejandro Moreno C\u00e1rdenas<br \/>\nrealizar este tipo de acercamientos con los representantes de los medios de<br \/>\ncomunicaci\u00f3n, pues es una nueva propuesta de interacci\u00f3n para informar a los<br \/>\nciudadanos los proyectos que se tienen, temas de inter\u00e9s y avances de programas<br \/>\nque actualmente se desarrollan en cada una de las Secretar\u00edas. <\/p>\n<p>Se\u00f1al\u00f3 que la UCS y la Oficina del<br \/>\nGobernador, en atenci\u00f3n a las instrucciones del Ejecutivo, colaboran para<br \/>\norganizar la din\u00e1mica que contar\u00e1, en su momento, con la participaci\u00f3n del<br \/>\nmandatario campechano y de los diferentes titulares de los \u00f3rganos de la<br \/>\nAdministraci\u00f3n P\u00fablica Estatal.<\/p>\n<p>En la primera de ellas, particip\u00f3 el secretario<br \/>\nde Desarrollo Econ\u00f3mico, Jos\u00e9 Domingo Berzunza Esp\u00ednola, quien inform\u00f3 las<br \/>\nacciones de gobierno que lleva a cabo la Secretar\u00eda a su cargo. <\/p>\n<p><\/p>\n","protected":false},"excerpt":{"rendered":"<p>Olivera Valladares subray\u00f3 que es inter\u00e9s del gobernador Alejandro Moreno C\u00e1rdenas realizar este tipo de acercamientos con los representantes de los m<\/p>\n","protected":false},"author":1018,"featured_media":0,"comment_status":"open","ping_status":"open","sticky":false,"template":"","format":"standard","meta":{"tdm_status":"","tdm_grid_status":"","footnotes":""},"categories":[27],"tags":[],"_links":{"self":[{"href":"https:\/\/dralvarez.com.mx\/larevista\/wp-json\/wp\/v2\/posts\/69693"}],"collection":[{"href":"https:\/\/dralvarez.com.mx\/larevista\/wp-json\/wp\/v2\/posts"}],"about":[{"href":"https:\/\/dralvarez.com.mx\/larevista\/wp-json\/wp\/v2\/types\/post"}],"author":[{"embeddable":true,"href":"https:\/\/dralvarez.com.mx\/larevista\/wp-json\/wp\/v2\/users\/1018"}],"replies":[{"embeddable":true,"href":"https:\/\/dralvarez.com.mx\/larevista\/wp-json\/wp\/v2\/comments?post=69693"}],"version-history":[{"count":0,"href":"https:\/\/dralvarez.com.mx\/larevista\/wp-json\/wp\/v2\/posts\/69693\/revisions"}],"wp:attachment":[{"href":"https:\/\/dralvarez.com.mx\/larevista\/wp-json\/wp\/v2\/media?parent=69693"}],"wp:term":[{"taxonomy":"category","embeddable":true,"href":"https:\/\/dralvarez.com.mx\/larevista\/wp-json\/wp\/v2\/categories?post=69693"},{"taxonomy":"post_tag","embeddable":true,"href":"https:\/\/dralvarez.com.mx\/larevista\/wp-json\/wp\/v2\/tags?post=69693"}],"curies":[{"name":"wp","href":"https:\/\/api.w.org\/{rel}","templated":true}]}}