{"id":69692,"date":"2018-09-27T00:00:00","date_gmt":"2018-09-27T06:00:00","guid":{"rendered":"https:\/\/dralvarez.com.mx\/larevista\/blog\/sociedad-participativa-clave-para-el-desarrollo-de-calkini-gobernador-amc-29784"},"modified":"2018-09-27T00:00:00","modified_gmt":"2018-09-27T06:00:00","slug":"sociedad-participativa-clave-para-el-desarrollo-de-calkini-gobernador-amc-29784","status":"publish","type":"post","link":"https:\/\/dralvarez.com.mx\/larevista\/compeche\/sociedad-participativa-clave-para-el-desarrollo-de-calkini-gobernador-amc-29784","title":{"rendered":"Sociedad participativa clave para el desarrollo de Calkin\u00ed: Gobernador AMC"},"content":{"rendered":"<\/p>\n<p><b>CALKIN\u00cd-.<\/b> \u201cEl desarrollo solo<br \/>\npuede construirse con un gobierne fuerte y una sociedad participativa, todos<br \/>\nnecesitamos poner nuestro grano de arena para que al municipio le vaya mejor\u201d,<br \/>\nafirm\u00f3 el gobernador Alejandro Moreno C\u00e1rdenas durante el Tercer Informe de<br \/>\nActividades 2015-2018 del alcalde Emiliano Canul Ak\u00e9.<\/p>\n<p>En el teatro de la ciudad \u201cPedro Ra\u00fal Su\u00e1rez<br \/>\nC\u00e1rdenas\u201d, donde tambi\u00e9n tom\u00f3 protesta a los integrantes del cabildo 2018-2021,<br \/>\nencabezado por Roque Jacinto S\u00e1nchez Golib, el jefe del Ejecutivo estatal<br \/>\nprecis\u00f3 que hoy la sociedad demanda m\u00e1s y mejores resultados, por lo que es<br \/>\nfundamental que la colaboraci\u00f3n de los tres \u00f3rdenes de gobierno sea intensa y<br \/>\nde trabajo.<\/p>\n<p>El gobernador sostuvo que, para lograr mejores<br \/>\nresultados para el desarrollo de Calkin\u00ed, se necesita de una sociedad<br \/>\nparticipativa y honesta, que trabaje de la mano con el gobierno.<\/p>\n<p>Dijo que est\u00e1 por llegar un per\u00edodo de logros que<br \/>\nsolo se alcanzar\u00e1n con trabajo intenso, de gesti\u00f3n y cercan\u00eda con los<br \/>\nciudadanos, al tiempo que destac\u00f3 que hay muchos retos y desaf\u00edos por delante,<br \/>\npero que colaborando en equipo se podr\u00e1n superar. <\/p>\n<p>Inform\u00f3 que ha iniciado gestiones ante las<br \/>\npr\u00f3ximas autoridades federales para que en Calkin\u00ed se establezca una estaci\u00f3n<br \/>\ndel Tren Maya, que generar\u00eda importante n\u00famero de empleos y una fuerte derrama<br \/>\necon\u00f3mica en la regi\u00f3n. <\/p>\n<p>Moreno C\u00e1rdenas reiter\u00f3 su compromiso de<br \/>\nrespaldar a la nueva administraci\u00f3n municipal, y puntualiz\u00f3 que no hay que<br \/>\nescatimar esfuerzos ni trabajar pensando en colores partidistas, pues los<br \/>\nprogramas y los recursos son de los ciudadanos que hoy demandan eficiencia y<br \/>\neficacia en su aplicaci\u00f3n.<\/p>\n<p>En sesi\u00f3n solemne, Emiliano Canul Ak\u00e9 resalt\u00f3 sus<br \/>\nprincipales obras y acciones a trav\u00e9s de los ejes de gobierno: Desarrollo<br \/>\nSocial Incluyente, Fortalecimiento Econ\u00f3mico, Municipio Seguro y Protegido,<br \/>\nAdministraci\u00f3n Responsable y Moderna, y Comunidad Mediante Gesti\u00f3n P\u00fablica<br \/>\nDistinta. <\/p>\n<p>Por su parte, el alcalde electo se comprometi\u00f3 a<br \/>\nmejorar las calles, el alumbrado p\u00fablico, apoyar a productores y artesanos, as\u00ed<br \/>\ncomo hacer de Calkin\u00ed un municipio que destaque en materia tur\u00edstica, siempre<br \/>\ntrabajando de la mano con el gobernador Moreno C\u00e1rdenas.<\/p>\n<p>En representaci\u00f3n del Poder Judicial asisti\u00f3 la<br \/>\nmagistrada Silvia Osorno Maga\u00f1a; el delegado de la Sagarpa, Pedro Arment\u00eda<br \/>\nL\u00f3pez; el encargado del despacho de la Sedesyh, Luis Jorge Medina Minet, as\u00ed<br \/>\ncomo exalcaldes y diputados locales.<\/p>\n<p><\/p>\n","protected":false},"excerpt":{"rendered":"<p>El gobernador sostuvo que, para lograr mejores resultados para el desarrollo de Calkin\u00ed, se necesita de una sociedad participativa y honesta&#8230;<\/p>\n","protected":false},"author":1018,"featured_media":0,"comment_status":"open","ping_status":"open","sticky":false,"template":"","format":"standard","meta":{"tdm_status":"","tdm_grid_status":"","footnotes":""},"categories":[27],"tags":[],"_links":{"self":[{"href":"https:\/\/dralvarez.com.mx\/larevista\/wp-json\/wp\/v2\/posts\/69692"}],"collection":[{"href":"https:\/\/dralvarez.com.mx\/larevista\/wp-json\/wp\/v2\/posts"}],"about":[{"href":"https:\/\/dralvarez.com.mx\/larevista\/wp-json\/wp\/v2\/types\/post"}],"author":[{"embeddable":true,"href":"https:\/\/dralvarez.com.mx\/larevista\/wp-json\/wp\/v2\/users\/1018"}],"replies":[{"embeddable":true,"href":"https:\/\/dralvarez.com.mx\/larevista\/wp-json\/wp\/v2\/comments?post=69692"}],"version-history":[{"count":0,"href":"https:\/\/dralvarez.com.mx\/larevista\/wp-json\/wp\/v2\/posts\/69692\/revisions"}],"wp:attachment":[{"href":"https:\/\/dralvarez.com.mx\/larevista\/wp-json\/wp\/v2\/media?parent=69692"}],"wp:term":[{"taxonomy":"category","embeddable":true,"href":"https:\/\/dralvarez.com.mx\/larevista\/wp-json\/wp\/v2\/categories?post=69692"},{"taxonomy":"post_tag","embeddable":true,"href":"https:\/\/dralvarez.com.mx\/larevista\/wp-json\/wp\/v2\/tags?post=69692"}],"curies":[{"name":"wp","href":"https:\/\/api.w.org\/{rel}","templated":true}]}}