{"id":69660,"date":"2018-09-26T00:00:00","date_gmt":"2018-09-26T06:00:00","guid":{"rendered":"https:\/\/dralvarez.com.mx\/larevista\/blog\/inauguracion-de-la-cafeteria-inclusiva-en-el-hospital-de-especialidades-dr-javier-buenfil-osorio-29750"},"modified":"2018-09-26T00:00:00","modified_gmt":"2018-09-26T06:00:00","slug":"inauguracion-de-la-cafeteria-inclusiva-en-el-hospital-de-especialidades-dr-javier-buenfil-osorio-29750","status":"publish","type":"post","link":"https:\/\/dralvarez.com.mx\/larevista\/compeche\/inauguracion-de-la-cafeteria-inclusiva-en-el-hospital-de-especialidades-dr-javier-buenfil-osorio-29750","title":{"rendered":"Inauguraci\u00f3n de la cafeter\u00eda inclusiva en el hospital de especialidades \u201cDr. Javier Buenfil Osorio\u201d"},"content":{"rendered":"<p>La Presidenta del Patronato del DIF Estatal, Christelle Casta\u00f1\u00f3n de Moreno, cort\u00f3 el list\u00f3n inaugural de la primera cafeter\u00eda inclusiva, establecida en el Hospital de Especialidades \u201cDr. Javier Buenfil Osorio\u201d, con plantilla laboral que integra a personas con discapacidad y adultos mayores.<\/p>\n<p>La cafeter\u00eda inclusiva, es un proyecto realizado entre el DIF Estatal y la Beneficencia P\u00fablica, su personal asisti\u00f3 al Centro de Capacitaci\u00f3n Laboral Dirigida Oxxo-DIF y las ganancias que genere el establecimiento ser\u00e1n destinadas a diversos programas de salud para la poblaci\u00f3n vulnerable.<\/p>\n<p>Casta\u00f1\u00f3n de Moreno, es una de las impulsoras de este proyecto, al abrir una opci\u00f3n laboral para las personas con discapacidad, junto con la Secretar\u00eda de Trabajo y Previsi\u00f3n Social (STPSCAM) y la empresa FEMSA.<\/p>\n<p>En el recorrido por las instalaciones acompa\u00f1aron a Christelle Casta\u00f1\u00f3n de Moreno, el Secretario de Salud (SSA) Rafael Rodr\u00edguez Barrera; el Director General de la Administraci\u00f3n del Patrimonio de la Beneficencia P\u00fablica Federal, Jorge Alberto Calzada Zubir\u00eda; el Director de la Beneficencia P\u00fablica del Estado, Orlando Alvarado Rivadeneyra; la Directora de Asistencia Social y Discapacidad, Magaly Medina Farf\u00e1n y el Director del nosocomio sede, Dr. Daniel Maldonado Garc\u00eda.<\/p>\n<p><\/p>\n","protected":false},"excerpt":{"rendered":"<p>A su plantilla laboral han sido integradas personas con discapacidad y adultos mayores<\/p>\n","protected":false},"author":1018,"featured_media":0,"comment_status":"open","ping_status":"open","sticky":false,"template":"","format":"standard","meta":{"tdm_status":"","tdm_grid_status":"","footnotes":""},"categories":[27],"tags":[],"_links":{"self":[{"href":"https:\/\/dralvarez.com.mx\/larevista\/wp-json\/wp\/v2\/posts\/69660"}],"collection":[{"href":"https:\/\/dralvarez.com.mx\/larevista\/wp-json\/wp\/v2\/posts"}],"about":[{"href":"https:\/\/dralvarez.com.mx\/larevista\/wp-json\/wp\/v2\/types\/post"}],"author":[{"embeddable":true,"href":"https:\/\/dralvarez.com.mx\/larevista\/wp-json\/wp\/v2\/users\/1018"}],"replies":[{"embeddable":true,"href":"https:\/\/dralvarez.com.mx\/larevista\/wp-json\/wp\/v2\/comments?post=69660"}],"version-history":[{"count":0,"href":"https:\/\/dralvarez.com.mx\/larevista\/wp-json\/wp\/v2\/posts\/69660\/revisions"}],"wp:attachment":[{"href":"https:\/\/dralvarez.com.mx\/larevista\/wp-json\/wp\/v2\/media?parent=69660"}],"wp:term":[{"taxonomy":"category","embeddable":true,"href":"https:\/\/dralvarez.com.mx\/larevista\/wp-json\/wp\/v2\/categories?post=69660"},{"taxonomy":"post_tag","embeddable":true,"href":"https:\/\/dralvarez.com.mx\/larevista\/wp-json\/wp\/v2\/tags?post=69660"}],"curies":[{"name":"wp","href":"https:\/\/api.w.org\/{rel}","templated":true}]}}