{"id":69659,"date":"2018-09-26T00:00:00","date_gmt":"2018-09-26T06:00:00","guid":{"rendered":"https:\/\/dralvarez.com.mx\/larevista\/blog\/clausuro-christelle-castanon-de-moreno-la-campana-de-salud-visual-2018-29749"},"modified":"2018-09-26T00:00:00","modified_gmt":"2018-09-26T06:00:00","slug":"clausuro-christelle-castanon-de-moreno-la-campana-de-salud-visual-2018-29749","status":"publish","type":"post","link":"https:\/\/dralvarez.com.mx\/larevista\/compeche\/clausuro-christelle-castanon-de-moreno-la-campana-de-salud-visual-2018-29749","title":{"rendered":"Clausur\u00f3 Christelle Casta\u00f1\u00f3n de moreno la campa\u00f1a de salud  visual 2018"},"content":{"rendered":"<p>La Presidenta del Patronato del DIF Estatal, Christelle Casta\u00f1\u00f3n de Moreno, clausur\u00f3 la Campa\u00f1a de Salud Visual 2018, esfuerzo coordinado con la Administraci\u00f3n de la Beneficencia P\u00fablica (ABP) Federal y Estatal, la Secretar\u00eda de Salud (SSA) el Centro Estatal de Oftalmolog\u00eda (CEO) y el Sistema Estatal para el Desarrollo Integral de la Familia (DIF), para beneficio de 170 personas con una inversi\u00f3n de 670 mil pesos.<\/p>\n<p>En el evento realizado en la sala de espera del Hospital \u201cDr. Manuel Campos\u201d, Casta\u00f1\u00f3n de Moreno agradeci\u00f3 el trabajo en equipo que genera importantes resultados y cambia vidas. \u201cGracias a este trabajo en equipo, hemos logrado el cambio de vida de las personas que m\u00e1s lo necesitan y sus familias. Nos da mucha alegr\u00eda escuchar testimonios de vida; agradezco la presencia en Campeche de quien dirige la Administraci\u00f3n del Patrimonio de la Beneficencia P\u00fablica Federal, Jorge Calzada, gracias por su apoyo que nos han brindado al 100 por ciento en estos tres a\u00f1os, y por supuesto, agradezco al DIF Nacional y al Presidente de la Rep\u00fablica, Enrique Pe\u00f1a Nieto, por brindarnos siempre su apoyo y su reconocimiento en esta labor que llevamos a cabo todos los d\u00edas\u201d, destac\u00f3.<\/p>\n<p>Por su parte, el Secretario de Salud Rafael Rodr\u00edguez Cabrera, resalt\u00f3 el gran trabajo que se realiza en equipo: \u201cHoy el Sector Salud no ser\u00eda lo mismo si no tuvi\u00e9ramos el acompa\u00f1amiento del DIF Estatal, del Seguro Popular y la Beneficencia P\u00fablica, gracias a esta uni\u00f3n de voluntades podemos hablar de un gran n\u00famero de beneficiarios, coment\u00f3.<\/p>\n<p>Por la Administraci\u00f3n del Patrimonio de la Beneficencia P\u00fablica Federal, Jorge Alberto Calzada Zubir\u00eda, Director General, reconoci\u00f3 la labor que realiza el Gobierno del Estado en beneficio de la poblaci\u00f3n que m\u00e1s lo requiere. \u201cPara m\u00ed, es un orgullo estar en Campeche, un Estado rico en cultura y en su gente, sobre todo reconozco la gran labor de los servidores p\u00fablicos que hacen posible que estos programas se materialicen\u201d, mencion\u00f3.<\/p>\n<p>Es importante se\u00f1alar que esta campa\u00f1a es permanente, de marzo a diciembre se realizan las cirug\u00edas, mientras que las valoraciones se llevan a cabo en el Centro Estatal de Oftalmolog\u00eda  (CEO) y las cirug\u00edas  en el Hospital \u201cDr. Manuel Campos\u201d de manera gratuita, este a\u00f1o la meta programada es de 200 pacientes, que se espera alcanzar al finalizar el presente a\u00f1o.<\/p>\n<p>El programa de asistencia social, beneficia a la poblaci\u00f3n vulnerable del Estado que se encuentra en desventaja, por no contar con los recursos econ\u00f3micos y que no tienen acceso a los servicios de salud o alg\u00fan tipo de seguridad social; atendiendo sus necesidades m\u00e9dicas y quir\u00fargicas especializadas, gratuita, de calidad y con sentido humano.<\/p>\n<p>Antes de finalizar el evento, las autoridades entregaron reconocimiento a Marcela Miranda Saucedo, cirujana oftalm\u00f3loga, del Centro Estatal de Oftalmolog\u00eda.<\/p>\n<p>Acompa\u00f1aron a la Presidenta del Patronato del DIF Estatal Christelle Casta\u00f1\u00f3n de Moreno, el Secretario de Salud (SSA), Rafael Rodr\u00edguez Cabrera; el Director de la Administraci\u00f3n del Patrimonio de la Beneficencia P\u00fablica Federal, Jorge Alberto Calzada Zubir\u00eda; en representaci\u00f3n de los beneficiados, Joaqu\u00edn La\u00ednez Guzm\u00e1n; el Director del Hospital \u201cDr. Manuel Campos\u201d, Eduardo Manuel Espadas Arn\u00e1bar; el Director del Patronato de la Beneficencia P\u00fablica Estatal, Orlando Jes\u00fas Alvarado Rivadeneyra; el Director del Seguro Popular, Francisco Daniel Barreda Puga; la Directora de Atenci\u00f3n Social y Discapacidad, Magaly Medina Farf\u00e1n y las presidentas de los DIF Municipales.<\/p>\n","protected":false},"excerpt":{"rendered":"<p>Es importante se\u00f1alar que esta campa\u00f1a es permanente, de marzo a diciembre se realizan las cirug\u00edas, mientras que las valoraciones se llevan a cabo en<\/p>\n","protected":false},"author":1018,"featured_media":0,"comment_status":"open","ping_status":"open","sticky":false,"template":"","format":"standard","meta":{"tdm_status":"","tdm_grid_status":"","footnotes":""},"categories":[27],"tags":[],"_links":{"self":[{"href":"https:\/\/dralvarez.com.mx\/larevista\/wp-json\/wp\/v2\/posts\/69659"}],"collection":[{"href":"https:\/\/dralvarez.com.mx\/larevista\/wp-json\/wp\/v2\/posts"}],"about":[{"href":"https:\/\/dralvarez.com.mx\/larevista\/wp-json\/wp\/v2\/types\/post"}],"author":[{"embeddable":true,"href":"https:\/\/dralvarez.com.mx\/larevista\/wp-json\/wp\/v2\/users\/1018"}],"replies":[{"embeddable":true,"href":"https:\/\/dralvarez.com.mx\/larevista\/wp-json\/wp\/v2\/comments?post=69659"}],"version-history":[{"count":0,"href":"https:\/\/dralvarez.com.mx\/larevista\/wp-json\/wp\/v2\/posts\/69659\/revisions"}],"wp:attachment":[{"href":"https:\/\/dralvarez.com.mx\/larevista\/wp-json\/wp\/v2\/media?parent=69659"}],"wp:term":[{"taxonomy":"category","embeddable":true,"href":"https:\/\/dralvarez.com.mx\/larevista\/wp-json\/wp\/v2\/categories?post=69659"},{"taxonomy":"post_tag","embeddable":true,"href":"https:\/\/dralvarez.com.mx\/larevista\/wp-json\/wp\/v2\/tags?post=69659"}],"curies":[{"name":"wp","href":"https:\/\/api.w.org\/{rel}","templated":true}]}}