{"id":69658,"date":"2018-09-26T00:00:00","date_gmt":"2018-09-26T06:00:00","guid":{"rendered":"https:\/\/dralvarez.com.mx\/larevista\/blog\/christelle-castanon-de-moreno-clausuro-la-tercera-campana-de-protesis-de-cadera-y-rodilla-y-entrego-protesis-dentales-del-programa-para-comer-mejor-29"},"modified":"2018-09-26T00:00:00","modified_gmt":"2018-09-26T06:00:00","slug":"christelle-castanon-de-moreno-clausuro-la-tercera-campana-de-protesis-de-cadera-y-rodilla-y-entrego-protesis-dentales-del-programa-para-comer-mejor-29","status":"publish","type":"post","link":"https:\/\/dralvarez.com.mx\/larevista\/compeche\/christelle-castanon-de-moreno-clausuro-la-tercera-campana-de-protesis-de-cadera-y-rodilla-y-entrego-protesis-dentales-del-programa-para-comer-mejor-29","title":{"rendered":"Christelle Casta\u00f1\u00f3n De Moreno clausur\u00f3 la tercera campa\u00f1a de pr\u00f3tesis de cadera y rodilla, y entreg\u00f3 pr\u00f3tesis dentales del programa \u201cpara comer mejor"},"content":{"rendered":"<\/p>\n<p>La Presidenta del Patronato del DIF Estatal, Christelle Casta\u00f1\u00f3n de Moreno clausur\u00f3 la campa\u00f1a de pr\u00f3tesis de Cadera y Rodilla \u201cPasos que te hacen Grande de Coraz\u00f3n\u201d del programa \u201cUniendo Voluntades hacemos la DIFerencia\u201d, que este a\u00f1o benefici\u00f3 a &nbsp;25 pacientes de un total de 66 valorados y entreg\u00f3 50 pr\u00f3tesis dentales del programa \u201cPara Comer Mejor\u201d<\/p>\n<p>En las acciones que corresponden a la tercera campa\u00f1a, el equipo m\u00e9dico del Instituto Nacional de Rehabilitaci\u00f3n (INR) intervino a 25 pacientes, de los cuales 19 fueron de sintomatolog\u00edas de rodilla y a seis se les corrigieron problemas de cadera.<\/p>\n<p>En tres a\u00f1os de la presente administraci\u00f3n, se han valorado a 96 pacientes, de los cuales han operado a 41; siete de cadera y 34 de rodilla.<\/p>\n<p>Casta\u00f1\u00f3n de Moreno, habl\u00f3 a los beneficiarios y reconoci\u00f3 el apoyo del Gobierno Federal y de las instituciones estatales. \u201cMi esposo, el Gobernador del Estado, Alejandro Moreno C\u00e1rdenas, reconoce su valent\u00eda, porque la salud es una prioridad, y que se recuperen los pacientes sin tener que hacer gastos extraordinarios a trav\u00e9s de los programas sociales gratuitos, todo lo mejor, para que ustedes est\u00e9n bien, continuaremos trabajando en equipo, por un mejor Campeche para Crecer en Grande\u201d.<\/p>\n<p>Agradeci\u00f3, el respaldo del Presidente de la Rep\u00fablica, Enrique Pe\u00f1a Nieto y de la sensibilidad comprometida de la Presidenta del Consejo Ciudadano Consultivo, Ang\u00e9lica Rivera de Pe\u00f1a para que m\u00e1s pacientes sean atendidos para corregir problemas de cadera y rodilla.<\/p>\n<p>\u201cNo hubi\u00e9ramos podido cambiar vidas, sin el apoyo de las autoridades estatales de salud, de la Beneficencia P\u00fablica Federal y Estatal, de la Secretar\u00eda de Salud (SSA), del Seguro Popular, del Instituto Nacional de Rehabilitaci\u00f3n (INR). A todos gracias, por su apoyo invaluable, todos en sus diversas funciones han desarrollado una labor humanitaria\u201d.<\/p>\n<p>Por su parte el Secretario de Salud (SSA) Rafael Rodr\u00edguez Cabrera, destac\u00f3 la calidad del servicio que se brinda en esta campa\u00f1a. \u201cLa parte humana que vincula a la familia con el sector salud, es digno de reconocerse siempre y la muestra de ello son los rostros alegres que vemos hoy en este evento, la misma pr\u00f3tesis que se coloca de rodilla o cadera, se coloca en todo el pa\u00eds e incluso en todo el mundo, los implantes que se colocan son los mismos en avances tecnol\u00f3gicos, tienen ustedes lo mejor de lo mejor\u201d.<\/p>\n<p>Por su parte, el coordinador de la campa\u00f1a y representante del Instituto Nacional de Rehabilitaci\u00f3n (INR), Alberto Nayib Evia Ram\u00edrez &nbsp;recibi\u00f3 reconocimiento a nombre de su equipo de trabajo.<\/p>\n<p>En el evento, tambi\u00e9n se llev\u00f3 cabo la entrega de 50 pr\u00f3tesis dentales del programa \u201cPara Comer Mejor\u201d, que apoya la Administraci\u00f3n del Patrimonio de la Beneficencia P\u00fablica Federal, con una inversi\u00f3n de 300 mil pesos, para benefici\u00f3 de 50 personas adultos mayores, con el objetivo de mejorar su alimentaci\u00f3n y el proceso de digesti\u00f3n. Cabe mencionar, que este programa se realiza por tercer a\u00f1o consecutivo y ha beneficiado a 150 personas que ahora cuenten con una dentadura.<\/p>\n<p>Asistieron al evento realizado en el auditorio del Hospital de Especialidades \u201cDr. Javier Buenfil Osorio\u201d, el Director General de la Administraci\u00f3n del Patrimonio de la Beneficencia P\u00fablica Federal, Jorge Alberto Calzada Zubir\u00eda; el Secretario de Salud (SSA) Rafael Rodr\u00edguez Cabrera; el Director de la Beneficencia P\u00fablica del Estado, Orlando Alvarado Rivadeneyra; &nbsp;la Directora de Asistencia Social y Discapacidad, Magaly Medina Farf\u00e1n y el Director del Hospital de Especialidades, Daniel Maldonado Garc\u00eda.<\/p><\/p>\n","protected":false},"excerpt":{"rendered":"<p>En tres a\u00f1os de la presente administraci\u00f3n, se han valorado a 96 pacientes, de los cuales han operado a 41; siete de cadera y 34 de rodilla&#8230;<\/p>\n","protected":false},"author":1018,"featured_media":0,"comment_status":"open","ping_status":"open","sticky":false,"template":"","format":"standard","meta":{"tdm_status":"","tdm_grid_status":"","footnotes":""},"categories":[27],"tags":[],"_links":{"self":[{"href":"https:\/\/dralvarez.com.mx\/larevista\/wp-json\/wp\/v2\/posts\/69658"}],"collection":[{"href":"https:\/\/dralvarez.com.mx\/larevista\/wp-json\/wp\/v2\/posts"}],"about":[{"href":"https:\/\/dralvarez.com.mx\/larevista\/wp-json\/wp\/v2\/types\/post"}],"author":[{"embeddable":true,"href":"https:\/\/dralvarez.com.mx\/larevista\/wp-json\/wp\/v2\/users\/1018"}],"replies":[{"embeddable":true,"href":"https:\/\/dralvarez.com.mx\/larevista\/wp-json\/wp\/v2\/comments?post=69658"}],"version-history":[{"count":0,"href":"https:\/\/dralvarez.com.mx\/larevista\/wp-json\/wp\/v2\/posts\/69658\/revisions"}],"wp:attachment":[{"href":"https:\/\/dralvarez.com.mx\/larevista\/wp-json\/wp\/v2\/media?parent=69658"}],"wp:term":[{"taxonomy":"category","embeddable":true,"href":"https:\/\/dralvarez.com.mx\/larevista\/wp-json\/wp\/v2\/categories?post=69658"},{"taxonomy":"post_tag","embeddable":true,"href":"https:\/\/dralvarez.com.mx\/larevista\/wp-json\/wp\/v2\/tags?post=69658"}],"curies":[{"name":"wp","href":"https:\/\/api.w.org\/{rel}","templated":true}]}}