{"id":69613,"date":"2018-09-26T00:00:00","date_gmt":"2018-09-26T06:00:00","guid":{"rendered":"https:\/\/dralvarez.com.mx\/larevista\/blog\/anuncia-gobernador-amc-obras-para-potenciar-el-desarrollo-turistico-y-social-de-palizada-29702"},"modified":"2018-09-26T00:00:00","modified_gmt":"2018-09-26T06:00:00","slug":"anuncia-gobernador-amc-obras-para-potenciar-el-desarrollo-turistico-y-social-de-palizada-29702","status":"publish","type":"post","link":"https:\/\/dralvarez.com.mx\/larevista\/compeche\/anuncia-gobernador-amc-obras-para-potenciar-el-desarrollo-turistico-y-social-de-palizada-29702","title":{"rendered":"Anuncia gobernador amc obras para potenciar el desarrollo tur\u00edstico y social de palizada"},"content":{"rendered":"<p>PALIZADA-. La construcci\u00f3n de la nueva planta de agua potabilizadora con la que se garantizar\u00e1 un mejor servicio a la poblaci\u00f3n y la remodelaci\u00f3n del teatro de la ciudad,  de la concha ac\u00fastica y del malec\u00f3n, para fortalecer el potencial tur\u00edstico del Pueblo M\u00e1gico, anunci\u00f3 el gobernador Alejandro Moreno C\u00e1rdenas luego de tomar protesta a los integrantes del cabildo 2018-2021, que encabeza Maritza D\u00edaz Dom\u00ednguez. <\/p>\n<p>En la cancha techada del DIF municipal, donde el alcalde Francisco Jim\u00e9nez G\u00f3mez, dio un breve mensaje con motivo del Tercer Informe de Actividades del Ayuntamiento, el mandatario estatal se comprometi\u00f3 a impulsar, a trav\u00e9s de la Secretar\u00eda de Educaci\u00f3n y la Fundaci\u00f3n Pablo Garc\u00eda, la entrega de becas para j\u00f3venes palice\u00f1os y los beneficios del programa Transporte Escolar Gratuito.<\/p>\n<p>En presencia del secretario general de Gobierno, Carlos Miguel Aysa Gonz\u00e1lez, afirm\u00f3: \u201cHoy me comprometo con ustedes para que juntos construyamos una nueva historia para Palizada; trabajando a favor de la gente de todas las comunidades por m\u00e1s apartadas que se encuentren, porque estos tiempos que vive M\u00e9xico y Campeche, son de construir la unidad y de pensar siempre en el beneficio de las familias\u201d.<\/p>\n<p>Tras recibir una copia del tercer informe municipal, Moreno C\u00e1rdenas enfatiz\u00f3 que siempre en el marco de derecho y de la civilidad pol\u00edtica, escuchar\u00e1 las propuestas y las demandas de los ciudadanos, porque si le va bien al gobierno municipal, le va bien a Palizada y a su gente.<\/p>\n<p>Luego de la presentaci\u00f3n de un video informativo de las acciones realizadas durante la administraci\u00f3n 2015-2018, el alcalde saliente agradeci\u00f3 el respaldo del pueblo palice\u00f1o y destac\u00f3 logros importantes como la ampliaci\u00f3n de la red de energ\u00eda el\u00e9ctrica en la comunidad de Mariche con inversi\u00f3n de 355 mil 333 pesos; la edificaci\u00f3n de una cocina comunitaria en El Juncal, donde se destin\u00f3 un mill\u00f3n 482 mil 565 pesos y la construcci\u00f3n de calles, banquetas, andadores y peatonales. <\/p>\n<p>Por su parte, la alcaldesa electa Maritza D\u00edaz Dom\u00ednguez dijo que en su gobierno la rendici\u00f3n de cuentas ser\u00e1 la expresi\u00f3n m\u00e1xima de la responsabilidad del servicio p\u00fablico y se comprometi\u00f3 a gestionar obras, programas y acciones que Palizada requiere para su desarrollo econ\u00f3mico y social.<\/p>\n<p>Se\u00f1al\u00f3 que la \u00fanica manera de mantener un ambiente de colaboraci\u00f3n y entendimiento con la gente,  es hablando de frente y actuando con transparencia y honestidad.<\/p>\n<p>Durante la ceremonia estuvieron presentes ex alcaldes, diputados locales, funcionarios municipales y el ex gobernador Jorge Salom\u00f3n Azar Garc\u00eda.<\/p>\n","protected":false},"excerpt":{"rendered":"<p>Durante la ceremonia estuvieron presentes ex alcaldes, diputados locales, funcionarios municipales y el ex gobernador Jorge Salom\u00f3n Azar Garc\u00eda<\/p>\n","protected":false},"author":1018,"featured_media":0,"comment_status":"open","ping_status":"open","sticky":false,"template":"","format":"standard","meta":{"tdm_status":"","tdm_grid_status":"","footnotes":""},"categories":[27],"tags":[],"_links":{"self":[{"href":"https:\/\/dralvarez.com.mx\/larevista\/wp-json\/wp\/v2\/posts\/69613"}],"collection":[{"href":"https:\/\/dralvarez.com.mx\/larevista\/wp-json\/wp\/v2\/posts"}],"about":[{"href":"https:\/\/dralvarez.com.mx\/larevista\/wp-json\/wp\/v2\/types\/post"}],"author":[{"embeddable":true,"href":"https:\/\/dralvarez.com.mx\/larevista\/wp-json\/wp\/v2\/users\/1018"}],"replies":[{"embeddable":true,"href":"https:\/\/dralvarez.com.mx\/larevista\/wp-json\/wp\/v2\/comments?post=69613"}],"version-history":[{"count":0,"href":"https:\/\/dralvarez.com.mx\/larevista\/wp-json\/wp\/v2\/posts\/69613\/revisions"}],"wp:attachment":[{"href":"https:\/\/dralvarez.com.mx\/larevista\/wp-json\/wp\/v2\/media?parent=69613"}],"wp:term":[{"taxonomy":"category","embeddable":true,"href":"https:\/\/dralvarez.com.mx\/larevista\/wp-json\/wp\/v2\/categories?post=69613"},{"taxonomy":"post_tag","embeddable":true,"href":"https:\/\/dralvarez.com.mx\/larevista\/wp-json\/wp\/v2\/tags?post=69613"}],"curies":[{"name":"wp","href":"https:\/\/api.w.org\/{rel}","templated":true}]}}