{"id":69610,"date":"2018-09-26T00:00:00","date_gmt":"2018-09-26T06:00:00","guid":{"rendered":"https:\/\/dralvarez.com.mx\/larevista\/blog\/gobernador-amc-da-certeza-juridica-al-patrimonio-de-mas-de-mil-familias-29699"},"modified":"2018-09-26T00:00:00","modified_gmt":"2018-09-26T06:00:00","slug":"gobernador-amc-da-certeza-juridica-al-patrimonio-de-mas-de-mil-familias-29699","status":"publish","type":"post","link":"https:\/\/dralvarez.com.mx\/larevista\/compeche\/gobernador-amc-da-certeza-juridica-al-patrimonio-de-mas-de-mil-familias-29699","title":{"rendered":"Gobernador AMC da certeza jur\u00eddica al patrimonio de m\u00e1s de mil familias"},"content":{"rendered":"<\/p>\n<p>Al encabezar<br \/>\nla Jornada por la Certidumbre Jur\u00eddica, el gobernador Alejandro Moreno C\u00e1rdenas<br \/>\nhizo entrega de mil 36 escrituras, cartas de liberaci\u00f3n y contratos de<br \/>\nregularizaci\u00f3n a igual n\u00famero de familias de 40 colonias y comunidades de los<br \/>\nmunicipios de Campeche, Carmen, Champot\u00f3n, Candelaria y Calakmul.<\/p>\n<p>&nbsp;<\/p>\n<p>En<br \/>\nevento realizado en el Centro de Convenciones y Exposiciones \u201cCampeche XXI\u201d,<br \/>\ndonde estuvo acompa\u00f1ado del secretario general de Gobierno, Carlos Miguel Aysa<br \/>\nGonz\u00e1lez y del titular del Poder Judicial, Miguel \u00c1ngel Chuc L\u00f3pez, Moreno<br \/>\nC\u00e1rdenas signific\u00f3 que luego de m\u00e1s de 20 a\u00f1os de espera, hoy poco m\u00e1s de mil<br \/>\nfamilias tienen certeza en su patrimonio y anunci\u00f3 que ya se trabaja para que otras<br \/>\ncuatro mil familias m\u00e1s, cuenten con sus documentos legales.<\/p>\n<p>\u201cComo<br \/>\nse dice, \u2018papelito habla\u2019, pues ahora ya no solo tienen certeza jur\u00eddica patrimonial,<br \/>\nsino la oportunidad de recibir los beneficios de programas y apoyos de los tres<br \/>\n\u00f3rdenes de gobierno\u201d, enfatiz\u00f3.<\/p>\n<p>Indic\u00f3<br \/>\nque la entrega de los documentos es un gran logro, producto del trabajo coordinado<br \/>\nde las diversas instancias gubernamentales y de las familias que con<br \/>\nperseverancia y dedicaci\u00f3n esperaron respuesta a su a\u00f1eja demanda.<\/p>\n<p>Frente<br \/>\na los beneficiados, el mandatario estatal enfatiz\u00f3 que su administraci\u00f3n<br \/>\nsiempre trabaja pensando en Campeche y en responder a las aspiraciones de la<br \/>\npoblaci\u00f3n.<\/p>\n<p>Asever\u00f3<br \/>\nque todos los programas son para la gente, sin distingos de colores ni de<br \/>\npartidos, pues la obligaci\u00f3n de los gobiernos es cumplirle y darle soluciones.<\/p>\n<p>Del total de<br \/>\ninstrumentos jur\u00eddicos que se entregaron, 573 son cartas de liberaci\u00f3n, 239<br \/>\nescrituras de propiedad, 180 contratos de reestructura y 44 de regularizaci\u00f3n. <\/p>\n<p>&nbsp;<\/p>\n<p>Las familias<br \/>\nbeneficiadas de Campeche son de las colonias Cumbres, Minas, H\u00e9roes de la<br \/>\nRevoluci\u00f3n, 20 de Noviembre, Urbano Ambiental, Ex Hacienda Kal\u00e1, Ex Cooperativa<br \/>\nKal\u00e1, Ciudad Concordia, Siglo XXI, Solidaridad Urbana, Baluartes y Ampliaci\u00f3n<br \/>\nEsperanza, as\u00ed como del poblado de San Antonio Ebul\u00e1.<\/p>\n<p>&nbsp;<\/p>\n<p>Del<br \/>\nmunicipio de Carmen: Santa Rita, Renovaci\u00f3n II, Renovaci\u00f3n III, Renovaci\u00f3n VII,<br \/>\nOrizaba, Volcanes y Reforma, y del municipio de Champot\u00f3n: Mirador I, Mirador<br \/>\nII, El Arenal y Guadalupe; la colonia Frutales, en Seybaplaya y la localidad de<br \/>\nVillamadero.<\/p>\n<p>Mientras<br \/>\nque del municipio de Calakmul se beneficiaron familias que habitan en las<br \/>\nsiguientes localidades: Tom\u00e1s Aznar, Manuel Castilla Brito, Eugenio Echeverr\u00eda<br \/>\nCastellot, La Lucha, Heriberto Jara Corona, Xbonil y la cabecera municipal; en<br \/>\ntanto de Candelaria, pobladores de las comunidades Estado de M\u00e9xico, Monclova,<br \/>\nNuevo Coahuila, Miguel Hidalgo, Las Golondrinas, Pablo Garc\u00eda y de la cabecera<br \/>\nmunicipal.<\/p>\n<p>En<br \/>\nsu oportunidad, el director general de la Comisi\u00f3n Estatal de Desarrollo de<br \/>\nSuelo y Vivienda del Estado de Campeche (Codesvi), Oswaldo Sierra Villajuana,<br \/>\nexplic\u00f3 que este es un acto con el cual se acredita la propiedad legal de un<br \/>\nbien, se da certidumbre jur\u00eddica de la tenencia de la tierra y se brinda<br \/>\nprotecci\u00f3n al patrimonio familiar. <\/p>\n<p>Por<br \/>\nsu parte, el alcalde de Campeche, Edgar Hern\u00e1ndez Hern\u00e1ndez, coment\u00f3 que hoy es<br \/>\nun d\u00eda hist\u00f3rico porque se concluye un proceso iniciado hace m\u00e1s de 20 a\u00f1os para<br \/>\ngarantizar certeza jur\u00eddica sobre la propiedad de predios.<\/p>\n<p>\u201cEste<br \/>\nfue un trabajo en equipo, en el que particip\u00f3 el gobierno estatal, los<br \/>\npropietarios y el Ayuntamiento de Campeche. Aqu\u00ed est\u00e1n hoy los resultados que<br \/>\nse lograron concretar con el respaldo del gobernador Moreno C\u00e1rdenas\u201d, apunt\u00f3.<\/p>\n<p>La<br \/>\nbeneficiaria de la colonia Baluartes, antes Mirador, del municipio de Campeche,<br \/>\nBrenda Gonz\u00e1lez Mass, mencion\u00f3 que hoy se hace realidad el objetivo de tener<br \/>\ncerteza jur\u00eddica en su patrimonio, despu\u00e9s de 20 a\u00f1os de espera. \u201cFueron a\u00f1os<br \/>\nde lucha, perseverancia y tenacidad que culminan con \u00e9xito por el compromiso,<br \/>\nrespaldo y determinaci\u00f3n del mandatario campechano de servir a su pueblo\u201d,<br \/>\nsubray\u00f3.<\/p>\n<p><\/p>\n<p><b>Palabras del gobernador del estado, Alejandro Moreno C\u00e1rdenas, durante l<\/b><b>a jornada por la certidumbre jur\u00eddica y entrega de<br \/>\nescrituras, c<\/b><b>artas de liberaci\u00f3n y contratos de regularizaci\u00f3n<\/b><\/p>\n<\/p>\n<p>Muy buenas tardes, amigas y amigos que<br \/>\nhoy nos acompa\u00f1an. Quiero agradecerles, a todas y a todos, su presencia y<br \/>\ndecirles que este es un d\u00eda muy importante para todos ustedes, pero tambi\u00e9n<br \/>\npara nosotros. Porque deja claro que, cuando se trabaja en equipo, con perseverancia,<br \/>\ncon paciencia, con dedicaci\u00f3n y con una voluntad inquebrantable, podemos<br \/>\nalcanzar los m\u00e1s grandes objetivos que nos pongamos por delante.<\/p>\n<p>Hoy, quiero saludar, con aprecio y con<br \/>\nafecto, a quienes nos acompa\u00f1an en este evento; servidores p\u00fablicos estatales,<br \/>\nfederales y municipales, quienes hoy estamos trabajando coordinadamente para<br \/>\nque les demos certeza jur\u00eddica, para que ustedes tengan su patrimonio, el<br \/>\npatrimonio de su familia, patrimonio de sus hijos. Y eso s\u00f3lo se logra<br \/>\ntrabajando juntos y trabajando en equipo.<\/p>\n<p>Hoy, reconozco mucho la labor que hemos<br \/>\nvenido haciendo porque es una labor coordinada, una labor que nos permite<br \/>\ndarles, como dicen, certeza jur\u00eddica pero papelito habla. Y eso lo tienen todos<br \/>\ny cada uno de ustedes\u2026 Y esta Jornada de la Certeza Jur\u00eddica nos permite eso,<br \/>\nnos permite certeza y seguridad en lo que es nuestro, en lo que ser\u00e1 de sus<br \/>\nfamilias.<\/p>\n<p>Y este, es un gran logro porque le<br \/>\ndedicamos todo el tiempo, toda la voluntad y toda la dedicaci\u00f3n; por ello,<br \/>\nreconozco much\u00edsimo el trabajo que se hizo coordinadamente con el gobierno<br \/>\nmunicipal, que encabeza Edgar Hern\u00e1ndez, muchas gracias por su trabajo; el<br \/>\napoyo de la Secretar\u00eda General de Gobierno; el apoyo de la Codesvi; el apoyo<br \/>\ndel Instituto Catastral, del Registro P\u00fablico que est\u00e1 aqu\u00ed, Carmen.<\/p>\n<p>Reconocer el apoyo, siempre,<br \/>\ninstitucional, de los titulares de los Poderes Judicial en esta ocasi\u00f3n, pero<br \/>\ntambi\u00e9n del Poder Legislativo. Porque trabajamos pensando siempre en Campeche y<br \/>\nahora que entreg\u00e1bamos los documentos y las escrituras, le preguntaba a don<br \/>\nJorge y a do\u00f1a Patricia, una familia de campechanos modestos y comprometidos, y<br \/>\nme dec\u00edan: Ten\u00edamos 20 a\u00f1os que est\u00e1bamos esperando este documento.<\/p>\n<p>Y como bien lo dijo hoy Brenda, con toda<br \/>\nla humildad, con toda la sencillez, que era una gran aspiraci\u00f3n, que era un<br \/>\ngran anhelo que quer\u00edan tener, pero es nuestra obligaci\u00f3n, es nuestra<br \/>\nresponsabilidad apoyarles y respaldarles para que tengan certeza jur\u00eddica en su<br \/>\npatrimonio, con los documentos que necesitan ustedes tener para poder acceder a<br \/>\nprogramas, a proyectos, a apoyos de los tres \u00f3rdenes de gobierno.<\/p>\n<p>Hoy, se puede decir f\u00e1cil, se benefician<br \/>\na colonias de municipios muy importantes de todo el Estado, como Campeche, como<br \/>\nChampot\u00f3n, como Carmen, como Candelaria, como Calakmul; y que hoy, aqu\u00ed, en el<br \/>\nEstado y en el municipio de Campeche, se les apoya y se les resuelve un tema<br \/>\na\u00f1ejo a muchas colonias, a ex Hacienda Kal\u00e1, a la ex cooperativa Kal\u00e1, a la<br \/>\ncolonia Baluartes antes Mirador. Podemos ayudar a muchas colonias, Minas, Solidaridad,<br \/>\nUrbano Ambiental, muchas colonias; que era una demanda que se ten\u00eda desde hace<br \/>\nmuchos a\u00f1os.<\/p>\n<p>Por eso, hoy les digo: Mi compromiso,<br \/>\ncomo Gobernador, es de trabajar todos los d\u00edas para que la gente tenga m\u00e1s y<br \/>\nmejores oportunidades, pero hay que decirlo con claridad, s\u00f3lo trabajando<br \/>\njuntos y trabajando en equipo. La palabra que uno empe\u00f1a y pone en prenda con<br \/>\nlos ciudadanos, hay que cumplirla.<\/p>\n<p>Y este anhelo es un logro que hicimos<br \/>\ntodos, trabajando en equipo, y lo hicimos en esta administraci\u00f3n y me siento<br \/>\nmuy contento y muy honrado porque yo s\u00e9 que, porque lo llevo en el coraz\u00f3n y<br \/>\nas\u00ed me va a pasar, no se me va a olvidar el d\u00eda de hoy, cada persona a la que<br \/>\nle estoy entregando su patrimonio, su seguridad y su certeza.<\/p>\n<p>Pero ese es un logro de ustedes, un<br \/>\nm\u00e9rito de ustedes, nadie les regal\u00f3 nada, eso es muy importante que lo tengan<br \/>\nclaro: Nadie les regal\u00f3 nada, esto es algo que han luchado toda su vida, muchos<br \/>\na\u00f1os, familias, durante muchos a\u00f1os. Por eso, me siento muy contento de estar<br \/>\naqu\u00ed con ustedes en este d\u00eda importante para ustedes, pero tambi\u00e9n muy<br \/>\nimportante para m\u00ed.<\/p>\n<p>Y hay que decirlo, estos mil 36 apoyos,<br \/>\nescrituras, en esta Jornada de Certificaci\u00f3n Jur\u00eddica para todos los ciudadanos<br \/>\ndel Estado, as\u00ed como entregamos esas mil 36, estamos trabajando con otras cuatro<br \/>\nmil familias para ayudarles en esta jornada de certificaci\u00f3n jur\u00eddica y que<br \/>\npuedan tambi\u00e9n tener, como ustedes, sus documentos y su certeza jur\u00eddica. Por<br \/>\nello, hoy lo vamos a hacer con dedicaci\u00f3n, con compromiso y con mucha voluntad.<\/p>\n<p>Y quiero terminar dici\u00e9ndoles a todas y a<br \/>\ntodos, en estos tiempos tenemos que trabajar juntos y en unidad, trabajar<br \/>\njuntos y en equipo, que lleguen m\u00e1s servicios, que lleguen m\u00e1s proyectos, que<br \/>\nlleguen m\u00e1s programas a todos los rincones, a todas las colonias. Los programas<br \/>\nfederales, estatales y municipales, son programas para la gente y lo digo como<br \/>\nes y con claridad para que ustedes lo tengan claro: Ning\u00fan programa federal,<br \/>\nestatal o municipal, tiene color o tiene partido, los programas estatales,<br \/>\nfederales y municipales son para la gente sin distingo de colores y sin<br \/>\ndistingo de partido.<\/p>\n<p>El apoyo es para todos porque esa es<br \/>\nnuestra obligaci\u00f3n, cumplirle a la gente, darle respuestas y darle soluci\u00f3n. Y<br \/>\npor ello, hoy necesitamos m\u00e1s que nunca trabajar juntos porque el gobierno<br \/>\ntambi\u00e9n los necesita a ustedes, necesitamos de la responsabilidad ciudadana, de<br \/>\nque cuidemos cuando hay una obra, cuid\u00e9mosla porque es una obra para todos. Que<br \/>\nasumamos nuestra responsabilidad, que a las colonias llegue la pavimentaci\u00f3n,<br \/>\nla iluminaci\u00f3n, la limpieza; que haya oportunidades para nuestra gente.<\/p>\n<p>Y yo quiero compartirlo con ustedes y<br \/>\ndecirles algo muy importante, las familias que est\u00e1n aqu\u00ed, las mujeres y los<br \/>\nhombres que est\u00e1n aqu\u00ed, son mujeres y hombres de trabajo, honestos, que todos<br \/>\nlos d\u00edas se levantan pensando c\u00f3mo ayudar mejor a la familia, que los ni\u00f1os<br \/>\npuedan ir a la escuela, que los ni\u00f1os puedan tener m\u00e1s oportunidades, que los<br \/>\nj\u00f3venes tengan una vida digna, que tengan oportunidad de prepararse.<\/p>\n<p>\u00bfQui\u00e9n de los que est\u00e1 aqu\u00ed no tiene un<br \/>\nhijo, un hermano, un primo, un sobrino, que haya terminado una carrera y no<br \/>\ntenga un empleo? Y eso es en lo que tenemos que ayudar, que los t\u00edtulos de los<br \/>\nj\u00f3venes se conviertan en empleos reales porque las mujeres y los hombres sencillos<br \/>\ny humildes, de Campeche, hacen un gran sacrificio.<\/p>\n<p>Y quiero aprovechar para decirles a todas<br \/>\nlas familias que est\u00e1n hoy aqu\u00ed, cada vez que voy de gira\u2026 Y esto lo comparto<br \/>\npara que se sientan muy orgullosos de lo que han logrado, para que sientan muy<br \/>\norgullosos de donde vienen; por m\u00e1s humilde que uno sea, hay que sentirse<br \/>\norgulloso de donde viene uno.<\/p>\n<p>Y se los digo con mucha convicci\u00f3n y con<br \/>\nmucha decisi\u00f3n, yo no tuve pap\u00e1 rico ni pap\u00e1 pol\u00edtico, a m\u00ed me cost\u00f3 much\u00edsimo<br \/>\ntrabajo llegar a ser Gobernador de Campeche y llegu\u00e9 a ser Gobernador de<br \/>\nCampeche gracias a ustedes, gracias a su apoyo y gracias a su respaldo. Y por<br \/>\neso mi compromiso es con la gente y es con el pueblo, ustedes saben que a m\u00ed me<br \/>\nsobra orgullo para trabajar por el Estado, me sobra car\u00e1cter para tomar<br \/>\ndecisiones y hoy, lo que queremos es que a nuestra gente, a todos ustedes, les<br \/>\nvaya muy bien.<\/p>\n<p>Cada vez que voy, que asisto a una<br \/>\nentrega de carta de culminaci\u00f3n de estudios, ya sea de secundaria, de<br \/>\npreparatoria o de nivel superior, me encuentro a much\u00edsimos j\u00f3venes, a miles de<br \/>\nj\u00f3venes campechanos, muchos hijos de ustedes, hermanos de ustedes, muchos<br \/>\nj\u00f3venes deseosos de prepararse y de superarse. \u00bfY saben qu\u00e9 les digo a esos<br \/>\nj\u00f3venes cuando voy a su culminaci\u00f3n de estudios? Me dicen: Alito, Gobernador, queremos<br \/>\nque seas el padrino de nuestra generaci\u00f3n, cuando terminemos nuestros estudios<br \/>\nqueremos que seas el padrino de nuestra generaci\u00f3n.<\/p>\n<p>Y les digo que s\u00ed, que con mucho gusto y<br \/>\ncon mucho honor tomo esa responsabilidad; s\u00f3lo les pido un requisito, uno, que<br \/>\nel d\u00eda de la terminaci\u00f3n de sus estudios inviten a sus pap\u00e1s. Y les voy a decir<br \/>\npor qu\u00e9 les pido que inviten a sus padres, porque ustedes saben que en las<br \/>\nfamilias sencillas, modestas y humildes de Campeche, esas familias tienen dos,<br \/>\ntres o cuatro hijos; y esos dos, tres o cuatro hijos van a la escuela y los<br \/>\npap\u00e1s hacen un gran sacrificio para pagar el transporte, para pagar la escuela,<br \/>\npara pagar los estudios.<\/p>\n<p>Y son j\u00f3venes humildes, miles de j\u00f3venes<br \/>\nque son hijos, orgullosamente, de campesinos, de ejidatarios, de pescadores;<br \/>\norgullosamente, siempre les digo, sientan ese orgullo de d\u00f3nde vienen y por<br \/>\nello, voy y cuando les entrego su constancia les digo: Si\u00e9ntanse muy orgullosos<br \/>\nporque sus padres, orgullosamente ejidatarios, campesinos o pescadores, pero<br \/>\ngracias a ellos ustedes van a ser profesionistas. As\u00ed que, los padres de<br \/>\nfamilia juegan un papel fundamental para que las ni\u00f1as, los ni\u00f1os y los j\u00f3venes<br \/>\nse preparen.<\/p>\n<p>Y hoy, ustedes les van a dejar un<br \/>\npatrimonio a sus hijas y a sus hijos; as\u00ed que, estoy muy contento y \u00a1muchas<br \/>\nfelicidades a todas y a todos ustedes por el esfuerzo y por el compromiso que<br \/>\nhan hecho! Y quiero terminar dici\u00e9ndoles, a todos: Hoy, reconozco en don<br \/>\nRodolfo, en do\u00f1a Margarita, muchas gracias por su apoyo, por su respaldo para<br \/>\nlograr esta importante gesti\u00f3n, pero compartirles a todos, amigas y amigos: Hay<br \/>\nque tener actitud, hay que tener car\u00e1cter, hay que tener voluntad, hay que<br \/>\ntener decisi\u00f3n porque nadie nos va a regalar nada, nadie va a hacer por<br \/>\nnosotros lo que nos toca hacer.<\/p>\n<p>Es el momento y la hora de Campeche, es<br \/>\nel momento de trabajar juntos y en equipo, y a partir de este momento,<br \/>\ntrabajaremos juntos y en equipo entre los tres \u00f3rdenes de gobierno, para que<br \/>\nhaya m\u00e1s programas y m\u00e1s apoyos. Hoy les digo a todos, tienen la certeza<br \/>\njur\u00eddica, papelito habla, \u00a1muchas felicidades y seguiremos trabajando fuerte!<\/p><\/p>\n","protected":false},"excerpt":{"rendered":"<p>Anuncia que est\u00e1n en proceso otros cuatro mil documentos legales&#8230;<\/p>\n","protected":false},"author":1018,"featured_media":0,"comment_status":"open","ping_status":"open","sticky":false,"template":"","format":"standard","meta":{"tdm_status":"","tdm_grid_status":"","footnotes":""},"categories":[27],"tags":[],"_links":{"self":[{"href":"https:\/\/dralvarez.com.mx\/larevista\/wp-json\/wp\/v2\/posts\/69610"}],"collection":[{"href":"https:\/\/dralvarez.com.mx\/larevista\/wp-json\/wp\/v2\/posts"}],"about":[{"href":"https:\/\/dralvarez.com.mx\/larevista\/wp-json\/wp\/v2\/types\/post"}],"author":[{"embeddable":true,"href":"https:\/\/dralvarez.com.mx\/larevista\/wp-json\/wp\/v2\/users\/1018"}],"replies":[{"embeddable":true,"href":"https:\/\/dralvarez.com.mx\/larevista\/wp-json\/wp\/v2\/comments?post=69610"}],"version-history":[{"count":0,"href":"https:\/\/dralvarez.com.mx\/larevista\/wp-json\/wp\/v2\/posts\/69610\/revisions"}],"wp:attachment":[{"href":"https:\/\/dralvarez.com.mx\/larevista\/wp-json\/wp\/v2\/media?parent=69610"}],"wp:term":[{"taxonomy":"category","embeddable":true,"href":"https:\/\/dralvarez.com.mx\/larevista\/wp-json\/wp\/v2\/categories?post=69610"},{"taxonomy":"post_tag","embeddable":true,"href":"https:\/\/dralvarez.com.mx\/larevista\/wp-json\/wp\/v2\/tags?post=69610"}],"curies":[{"name":"wp","href":"https:\/\/api.w.org\/{rel}","templated":true}]}}