{"id":69596,"date":"2018-09-25T00:00:00","date_gmt":"2018-09-25T06:00:00","guid":{"rendered":"https:\/\/dralvarez.com.mx\/larevista\/blog\/inaugura-secretario-de-educacion-reunion-nacional-de-administrativos-del-conafe-29685"},"modified":"2018-09-25T00:00:00","modified_gmt":"2018-09-25T06:00:00","slug":"inaugura-secretario-de-educacion-reunion-nacional-de-administrativos-del-conafe-29685","status":"publish","type":"post","link":"https:\/\/dralvarez.com.mx\/larevista\/compeche\/inaugura-secretario-de-educacion-reunion-nacional-de-administrativos-del-conafe-29685","title":{"rendered":"Inaugura Secretario de Educaci\u00f3n, reuni\u00f3n nacional de administrativos del CONAFE"},"content":{"rendered":"<\/p>\n<p>\u201cPropiciar<br \/>\nespacios que permitan el trabajo conjunto entre autoridades centrales y de las<br \/>\ndiversas delegaciones ante un proceso natural de transici\u00f3n, es muy importante;<br \/>\nya que consolida la correcta rendici\u00f3n de cuentas para que las personas que<br \/>\nvengan, vean que no se est\u00e1 partiendo de cero, sino que se est\u00e1 partiendo de un<br \/>\ntrabajo arduo, consistente y de buenos resultados\u201d asegur\u00f3 el secretario de<br \/>\nEducaci\u00f3n, Ricardo Medina Farf\u00e1n, al inaugurar la Reuni\u00f3n Nacional de<br \/>\nAdministrativos del Consejo Nacional de Fomento Educativo (CONAFE).<\/p>\n<p>En este<br \/>\nsignificativo evento, el titular de la Secretar\u00eda de Educaci\u00f3n (SEDUC), ante<br \/>\nJos\u00e9 Enrique Hern\u00e1ndez Santoyo, director de Administraci\u00f3n y Finanzas del<br \/>\nCONAFE; as\u00ed como 9 subdirectores, 32 jefes de departamento de administraci\u00f3n y<br \/>\nfinanzas; e igual n\u00famero de coordinadores financieros de las delegaciones de<br \/>\nesa instituci\u00f3n de todo el pa\u00eds, se\u00f1al\u00f3 que esta reuni\u00f3n muestra del inter\u00e9s de<br \/>\ntrabajar en conjunto, como un s\u00f3lo equipo, para que puedan armonizar las<br \/>\nresponsabilidades administrativas y articular un trabajo muy importante en beneficio<br \/>\nde la educaci\u00f3n, principalmente previo al cambio de administraci\u00f3n.<\/p>\n<p>\u201cEsta<br \/>\nreuni\u00f3n es muy relevante de frente a un cambio de administraci\u00f3n federal que<br \/>\nnos obliga a todos a tener nuestra informaci\u00f3n, datos y requerimientos de<br \/>\nentrega, bien revisados; y particularmente, quiero reconocer la iniciativa del<br \/>\nCONAFE por realizar esta reuni\u00f3n que adem\u00e1s, ser\u00e1 una buena oportunidad para<br \/>\nresolver pendientes, para preparar este proceso de entrega, pero al mismo<br \/>\ntiempo, ir trabajando para esbozar las metas y acciones de todo aquello que<br \/>\nviene que seguro ser\u00e1 de gran compromiso en favor de la educaci\u00f3n\u201d, acot\u00f3.<\/p>\n<p>Medina<br \/>\nFarf\u00e1n destac\u00f3 la relevancia que los asistentes tienen en sus respectivos<br \/>\ncentros de trabajo que permiten consolidar la tarea tit\u00e1nica que el CONAFE<br \/>\ndesempe\u00f1a al servicio de las ni\u00f1as, ni\u00f1os y j\u00f3venes que m\u00e1s lo necesitan.<\/p>\n<p>\u201cEn su<br \/>\ntrabajo diario, en la elaboraci\u00f3n de oficios, de gesti\u00f3n de recursos, en toda<br \/>\nla tarea que muchas veces se podr\u00eda ver como que no es propiamente educativa,<br \/>\nno se podr\u00eda realizar este trabajo tan importante; sin ella, sus l\u00edderes<br \/>\neducativos no podr\u00edan llegar a donde llegan y cientos de ni\u00f1os no tendr\u00edan el<br \/>\nacceso al servicio educativo, por eso la importancia de su labor. Si\u00e9ntanse<br \/>\nparte de este gran ej\u00e9rcito que est\u00e1 cambiando la vida de muchas ni\u00f1as y ni\u00f1os<br \/>\ndel pa\u00eds, y abonando al M\u00e9xico que requiere una educaci\u00f3n de calidad\u201d, expres\u00f3.<\/p>\n<p>Por su<br \/>\nparte, el director de Administraci\u00f3n y Finanzas del CONAFE mencion\u00f3 que esta<br \/>\nReuni\u00f3n Nacional se llevar\u00e1 a cabo del 24 al 26 de septiembre y se abordar\u00e1n<br \/>\nasuntos en relaci\u00f3n al presupuesto ejercido y por ejercer del 2018 en las<br \/>\nentidades, asimismo, se establecer\u00e1n par\u00e1metros para el cierre contable,<br \/>\nfinanciero, recursos humanos y materiales del ejercicio del a\u00f1o en curso.<\/p>\n<p>En tanto,<br \/>\nel delegado del CONAFE en Campeche, Rom\u00e1n Iv\u00e1n Acosta Estrella puntualiz\u00f3 que<br \/>\nel personal administrativo ha contribuido de manera consistente y coordinada a<br \/>\nlas acciones de este Consejo al aplicar de manera correcta los recursos y hacer<br \/>\neficientes los procesos administrativos.<\/p>\n<p>\u201cLos<br \/>\ndelegados solos no podr\u00edamos, siempre necesitamos gente capaz que conozca la<br \/>\nadministraci\u00f3n p\u00fablica para poder hacer eficientes estos tr\u00e1mites que sin duda<br \/>\ncontribuyen a alcanzar los logros que hasta ahora se han obtenido, por eso reconozco<br \/>\nen cada uno de ustedes su entrega, compromiso y responsabilidad al manejar dos<br \/>\npiezas fundamentales: el capital humano y econ\u00f3mico de este Consejo\u201d, indic\u00f3.<\/p><\/p>\n","protected":false},"excerpt":{"rendered":"<p>\u201cEsta reuni\u00f3n es muy relevante de frente a un cambio de administraci\u00f3n federal&#8230;&#8221;<\/p>\n","protected":false},"author":1018,"featured_media":0,"comment_status":"open","ping_status":"open","sticky":false,"template":"","format":"standard","meta":{"tdm_status":"","tdm_grid_status":"","footnotes":""},"categories":[27],"tags":[],"_links":{"self":[{"href":"https:\/\/dralvarez.com.mx\/larevista\/wp-json\/wp\/v2\/posts\/69596"}],"collection":[{"href":"https:\/\/dralvarez.com.mx\/larevista\/wp-json\/wp\/v2\/posts"}],"about":[{"href":"https:\/\/dralvarez.com.mx\/larevista\/wp-json\/wp\/v2\/types\/post"}],"author":[{"embeddable":true,"href":"https:\/\/dralvarez.com.mx\/larevista\/wp-json\/wp\/v2\/users\/1018"}],"replies":[{"embeddable":true,"href":"https:\/\/dralvarez.com.mx\/larevista\/wp-json\/wp\/v2\/comments?post=69596"}],"version-history":[{"count":0,"href":"https:\/\/dralvarez.com.mx\/larevista\/wp-json\/wp\/v2\/posts\/69596\/revisions"}],"wp:attachment":[{"href":"https:\/\/dralvarez.com.mx\/larevista\/wp-json\/wp\/v2\/media?parent=69596"}],"wp:term":[{"taxonomy":"category","embeddable":true,"href":"https:\/\/dralvarez.com.mx\/larevista\/wp-json\/wp\/v2\/categories?post=69596"},{"taxonomy":"post_tag","embeddable":true,"href":"https:\/\/dralvarez.com.mx\/larevista\/wp-json\/wp\/v2\/tags?post=69596"}],"curies":[{"name":"wp","href":"https:\/\/api.w.org\/{rel}","templated":true}]}}