{"id":69595,"date":"2018-09-25T00:00:00","date_gmt":"2018-09-25T06:00:00","guid":{"rendered":"https:\/\/dralvarez.com.mx\/larevista\/blog\/firma-de-convenio-de-colaboracion-dif-estatal-canaco-servytur-y-empresas-comprometidas-con-la-inclusion-29684"},"modified":"2018-09-25T00:00:00","modified_gmt":"2018-09-25T06:00:00","slug":"firma-de-convenio-de-colaboracion-dif-estatal-canaco-servytur-y-empresas-comprometidas-con-la-inclusion-29684","status":"publish","type":"post","link":"https:\/\/dralvarez.com.mx\/larevista\/compeche\/firma-de-convenio-de-colaboracion-dif-estatal-canaco-servytur-y-empresas-comprometidas-con-la-inclusion-29684","title":{"rendered":"Firma de convenio de colaboraci\u00f3n DIF Estatal-CANACO-Servytur y empresas comprometidas con la inclusi\u00f3n"},"content":{"rendered":"<p>La Presidenta del Patronato del DIF Estatal, Christelle Casta\u00f1\u00f3n de Moreno, agradeci\u00f3 a las 45 empresas campechanas y a la C\u00e1mara Nacional de Comercio y Servicios Tur\u00edsticos (CANACO-SEVYTUR) por ser socialmente comprometidas con las personas con discapacidad y sus familias, ya que este sector vulnerable es prioridad para la instituci\u00f3n.<\/p>\n<p>En el evento protocolario, signaron por el DIF Estatal, la presidenta, Christelle Casta\u00f1\u00f3n de Moreno y por CANACO-SERVYTUR su presidente Jean Ives Du Bar del R\u00edo, quedando como premisa la inclusi\u00f3n para fortalecer programas, as\u00ed como otorgar apoyos para el logro de beneficios econ\u00f3micos con el uso de la credencial para personas con discapacidad permanente.<\/p>\n<p>En su mensaje, Casta\u00f1\u00f3n de Moreno resalt\u00f3 que cada una de las acciones emprendidas, van de la mano con las instituciones de gobierno, educativas y c\u00e1maras de servicio, por ello se lleva a cabo la firma del convenio de colaboraci\u00f3n con empresas socialmente comprometidas, indic\u00f3.<\/p>\n<p>\u201cPara nosotros es un d\u00eda muy importante en el DIF Estatal, ya que refrendamos el reconocimiento al organismo empresarial que se ha sumado a una causa tan noble como es este programa. Agradezco a todos los campechanos independientes por el respaldo que procuran al fortalecimiento de todas las tareas asistenciales; Gracias al apoyo y equipamiento del DIF Nacional y del respaldo de mi esposo el gobernador Alejandro Moreno C\u00e1rdenas, el programa de credencializaci\u00f3n es \u00fanico a nivel nacional\u201d, mencion\u00f3.<br \/>.<br \/>El programa consiste en otorgar las facilidades para que con el uso de la credencial de identificaci\u00f3n de discapacidad permanente, puedan acceder a productos y servicios a precios accesibles, cabe mencionar, que la credencial es \u00fanica y con validez en toda la Rep\u00fablica Mexicana, con lo cual se busca que no s\u00f3lo sea usada como identificaci\u00f3n, sino que adem\u00e1s, familias de escasos recursos puedan ser beneficiados con descuentos y precios accesibles en productos y servicios en nuestro Estado.<\/p>\n<p>Recibieron reconocimientos y se\u00f1al\u00e9ticas como responsables de comercios incluyentes: Amir Belisario P\u00e9rez Lanz de CERACOM, Enrique P\u00e9rez Villaruel de Farmacia Nueva, Pedro Novelo Gonz\u00e1lez de Construoreza, Tania Elizabeth Guadalupe Tijerina Garc\u00eda de Cl\u00ednica Rehabilitarte Campeche, Carmen Poot de Corporativo GES, Esteban Montiel Hern\u00e1ndez de Nutrivida, William Fernando Castillo de Ferretera Castillo, Beatriz Balmes Arceo de S\u00faper Campeche y Elmi Lorena Pacheco de la Gala de Danzaman\u00eda.<\/p>\n<p>Asistieron el Secretario de Trabajo y Previsi\u00f3n Social, Jorge Radam\u00e9s Romero Bock;  el Presidente del Centro Coordinador Empresarial, V\u00edctor del Rio R. de la Gala; la Directora de Atenci\u00f3n Social y Discapacidad, Magaly Medina Farf\u00e1n, e integrantes de los 14 comit\u00e9s del Consejo Estatal para la Atenci\u00f3n e Inclusi\u00f3n de Personas con Discapacidad (COEDIS).<\/p>\n","protected":false},"excerpt":{"rendered":"<p>Christelle Casta\u00f1\u00f3n de Moreno, agradeci\u00f3 a las 45 empresas campechanas y a la CANACO-SEVYTUR por ser socialmente comprometidas&#8230;<\/p>\n","protected":false},"author":1018,"featured_media":0,"comment_status":"open","ping_status":"open","sticky":false,"template":"","format":"standard","meta":{"tdm_status":"","tdm_grid_status":"","footnotes":""},"categories":[27],"tags":[],"_links":{"self":[{"href":"https:\/\/dralvarez.com.mx\/larevista\/wp-json\/wp\/v2\/posts\/69595"}],"collection":[{"href":"https:\/\/dralvarez.com.mx\/larevista\/wp-json\/wp\/v2\/posts"}],"about":[{"href":"https:\/\/dralvarez.com.mx\/larevista\/wp-json\/wp\/v2\/types\/post"}],"author":[{"embeddable":true,"href":"https:\/\/dralvarez.com.mx\/larevista\/wp-json\/wp\/v2\/users\/1018"}],"replies":[{"embeddable":true,"href":"https:\/\/dralvarez.com.mx\/larevista\/wp-json\/wp\/v2\/comments?post=69595"}],"version-history":[{"count":0,"href":"https:\/\/dralvarez.com.mx\/larevista\/wp-json\/wp\/v2\/posts\/69595\/revisions"}],"wp:attachment":[{"href":"https:\/\/dralvarez.com.mx\/larevista\/wp-json\/wp\/v2\/media?parent=69595"}],"wp:term":[{"taxonomy":"category","embeddable":true,"href":"https:\/\/dralvarez.com.mx\/larevista\/wp-json\/wp\/v2\/categories?post=69595"},{"taxonomy":"post_tag","embeddable":true,"href":"https:\/\/dralvarez.com.mx\/larevista\/wp-json\/wp\/v2\/tags?post=69595"}],"curies":[{"name":"wp","href":"https:\/\/api.w.org\/{rel}","templated":true}]}}