{"id":69594,"date":"2018-09-25T00:00:00","date_gmt":"2018-09-25T06:00:00","guid":{"rendered":"https:\/\/dralvarez.com.mx\/larevista\/blog\/gobernador-amc-ratifica-compromiso-de-respaldar-desarrollo-de-candelaria-29683"},"modified":"2018-09-25T00:00:00","modified_gmt":"2018-09-25T06:00:00","slug":"gobernador-amc-ratifica-compromiso-de-respaldar-desarrollo-de-candelaria-29683","status":"publish","type":"post","link":"https:\/\/dralvarez.com.mx\/larevista\/compeche\/gobernador-amc-ratifica-compromiso-de-respaldar-desarrollo-de-candelaria-29683","title":{"rendered":"Gobernador AMC ratifica compromiso de respaldar desarrollo de Candelaria"},"content":{"rendered":"<p><b><i><\/i><\/b><\/p>\n<blockquote><p><b><i>Toma protesta a integrantes del nuevo cabildo.&nbsp;<\/i><\/b><\/p><\/blockquote>\n<\/p>\n<p><b>CANDELARIA<\/b>-.<br \/>\nA sumar esfuerzos y voluntades en un marco de respeto, amabilidad y cordialidad<br \/>\npol\u00edtica para garantizar una mejor calidad de vida a la poblaci\u00f3n, conmin\u00f3 hoy<br \/>\nel gobernador Alejandro Moreno C\u00e1rdenas al tomar protesta a los<br \/>\nintegrantes del nuevo cabildo para el per\u00edodo 2018-2021, que<br \/>\nencabezar\u00e1 a partir del 1 de octubre, el mun\u00edcipe reelecto Salvador Far\u00edas Gonz\u00e1lez.<\/p>\n<p>En sesi\u00f3n solemne de cabildo, Moreno<br \/>\nC\u00e1rdenas enfatiz\u00f3 que la gesti\u00f3n permanente es la base fundamental para alentar<br \/>\nel desarrollo de toda comunidad, por lo que sostuvo que ante el presidente<br \/>\nelecto Andr\u00e9s Manuel L\u00f3pez Obrador ha planteado el inter\u00e9s de los gobiernos<br \/>\nestatal y municipal para que se establezca en Candelaria una estaci\u00f3n del<br \/>\nproyecto del Tren Maya y se integre al tema regional tur\u00edstico, comercial y de<br \/>\ncomunicaci\u00f3n.<\/p>\n<p>\u201cLa pol\u00edtica suma y construye<br \/>\nacuerdos; hoy necesitamos sumar esfuerzos y voluntades, pues la vuelta a la<br \/>\np\u00e1gina electoral la dimos el 1 de julio, cuando el pueblo decidi\u00f3 y manifest\u00f3<br \/>\nsu voluntad y convicci\u00f3n democr\u00e1tica\u201d, enfatiz\u00f3 en la ceremonia donde Far\u00edas Gonz\u00e1lez<br \/>\ntambi\u00e9n present\u00f3 el Tercer Informe de Actividades del Ayuntamiento 2015-2018.<\/p>\n<p>En la cancha polifuncional de la<br \/>\ncabecera municipal, indic\u00f3 que el respeto debe ser<br \/>\nsiempre permanente, de frente y viendo hacia adelante, ya que en la acci\u00f3n de gobernar<br \/>\nno deben existir colores partidistas, sino el trabajo en equipo y coordinado,<br \/>\npensando siempre en el bienestar de la gente.<\/p>\n<p>Ratific\u00f3 que como mandatario su<br \/>\nresponsabilidad es que a todos los rincones de Candelaria lleguen m\u00e1s obras de<br \/>\ninfraestructura y apoyos, por ello seguir\u00e1 respaldando a las autoridades<br \/>\nmunicipales, la producci\u00f3n del campo, el impulso a la tecnificaci\u00f3n y la<br \/>\ncomercializaci\u00f3n.<\/p>\n<p>Signific\u00f3 que las grandes<br \/>\noportunidades de crecimiento que tiene este municipio, debido a su riqueza natural,<br \/>\ntur\u00edstica y cultural, se podr\u00e1n potenciar en la medida en que se fortalezca el<br \/>\ntrabajo en equipo.<\/p>\n<p>\u201cQueremos que a Candelaria le vaya muy<br \/>\nbien y seguiremos trabajando con unidad, esfuerzo y responsabilidad\u201d, asegur\u00f3.<\/p>\n<p>Antes, en su mensaje<br \/>\ncomo presidente municipal reelecto, Salvador Far\u00edas Gonz\u00e1lez solicit\u00f3 al<br \/>\ngobernador Moreno C\u00e1rdenas apoyo para que el rastro sea Tipo de Inspecci\u00f3n<br \/>\nFederal (TIF), as\u00ed como para la construcci\u00f3n de un CBTA, para que los j\u00f3venes egresen<br \/>\ncon perfil acad\u00e9mico af\u00edn a las carreras que ofrece la Universidad Tecnol\u00f3gica<br \/>\nde Candelaria. <\/p>\n<p>De igual forma, sostuvo<br \/>\nque trabajar\u00e1 junto a los gobiernos federal y estatal para que el municipio se<br \/>\nintegre como uno de los destinos tur\u00edsticos del proyecto del Tren Maya.<\/p>\n<p>Previamente, en su<br \/>\ncalidad de alcalde saliente inform\u00f3 de las acciones realizadas durante la<br \/>\ngesti\u00f3n que comprendi\u00f3 el per\u00edodo 2015-2018, destacando las obras de<br \/>\nconstrucci\u00f3n de 27 kil\u00f3metros de calles en 26 comunidades con una inversi\u00f3n de<br \/>\nm\u00e1s de 65 millones de pesos; 800 metros lineales de banquetas canal, drenajes y<br \/>\nguarniciones, con un costo de tres millones 500 mil pesos; 445 ba\u00f1os para<br \/>\nfamilias de bajos recursos de 70 comunidades, electrificaci\u00f3n con paneles<br \/>\nsolares para 63 familias, construcci\u00f3n de 300 jag\u00fceyes y 20 pozos profundos<br \/>\npara el riego agr\u00edcola.<\/p>\n<p>Asistieron, la<br \/>\npresidenta del DIF municipal de Candelaria, Adelaida Huerta de Far\u00edas; el<br \/>\nalcalde de Calakmul, Juan Gonz\u00e1lez Chan y el presidente de la junta municipal<br \/>\nde Mamantel, Juan Manuel Curi Franco.<\/p>\n<p><b>Palabras del Gobernador del Estado, Alejandro Moreno C\u00e1rdenas<\/b><\/p>\n<p>Muy buenos d\u00edas, a todas y a todos aqu\u00ed presentes. Saludo con afecto y con aprecio al presidente municipal, a Salvador Far\u00edas Gonz\u00e1lez; a los integrantes del Cabildo, regidores y s\u00edndicos que hoy nos acompa\u00f1an. Saludo al Secretario del Ayuntamiento, a los invitados que hoy nos acompa\u00f1an, presidente municipal de Calakmul, Juan Gonz\u00e1lez, gracias por estar ac\u00e1; a los presidentes electos de las Juntas de Miguel Hidalgo y de Monclova, que se encuentran con nosotros.<\/p>\n<p>Hoy, agradezco a la presidenta del DIF municipal su presencia; al diputado local electo, a Rigoberto Figueroa; a todas y a todos ustedes que hoy nos acompa\u00f1an. Me da mucho gusto estar, hoy, en este acto institucional de informe y de toma de protesta como una expresi\u00f3n democr\u00e1tica del pueblo de Candelaria.<\/p>\n<p>Lo quiero decir aqu\u00ed, le deseo a Salvador Far\u00edas Gonz\u00e1lez todo el \u00e9xito en su gesti\u00f3n 2018-2021 porque ha demostrado compromiso y trabajo por su pueblo. Yo quiero a Candelaria much\u00edsimo y queremos que le vaya muy bien; y por ello, vamos a seguir trabajando con unidad, con esfuerzo y con responsabilidad.<\/p>\n<p>Candelaria es tierra de oportunidades y por ello, es importante seguir con inversiones de trabajo, con respuesta inmediata, para que las familias candelarenses tengan una mejor calidad de vida. Candelaria tiene un gran potencial, tiene muchas cosas buenas y juntos se pueden lograr m\u00e1s y mejores proyectos para este gran municipio.<\/p>\n<p>Hoy, le ratifico a todos que debemos de seguir trabajando juntos y en equipo; y a ti, Chava, p\u00fablicamente te reitero todo el apoyo de nuestro Gobierno, de nuestra administraci\u00f3n, para que tengas los programas, los proyectos y los recursos para que sigas atendiendo a la gente de Candelaria. Vas a contar con nosotros, siempre, y con todo nuestro respaldo.<\/p>\n<p>Coincido en lo que aqu\u00ed se ha dicho, vamos a apoyar juntos la producci\u00f3n del campo, a impulsar la tecnificaci\u00f3n, a respaldar la comercializaci\u00f3n para garantizar que todos los beneficios lleguen hasta el \u00faltimo rinc\u00f3n de este gran municipio.<\/p>\n<p>Hoy les reitero y les confirmo que s\u00f3lo trabajando juntos, de manera coordinada, con coordinaci\u00f3n permanente, podemos que todos los programas federales, estatales y municipales lleguen a todas las comunidades de este municipio. La suma de esfuerzos es permanente, gestionar y gestionar todos los d\u00edas es la base, fundamental, para poder generar mejor calidad de vida.<\/p>\n<p>Partimos del principio de que el Gobierno federal entrante, el estatal y el municipal, queremos que a Candelaria le vaya muy bien. Aqu\u00ed, lo ha mencionado Chava, aqu\u00ed hay una nueva gran oportunidad para Candelaria porque Candelaria tiene un gran potencial: Tiene riqueza cultural, tiene riqueza natural, tiene riqueza tur\u00edstica, tiene mujeres y hombres que trabajan comprometidos, todos los d\u00edas, a favor de nuestra gente.<\/p>\n<p>Y por ello, la gesti\u00f3n debe de ser permanente y se abre una nueva oportunidad con el anuncio del nuevo Gobierno de la Rep\u00fablica para la construcci\u00f3n del Tren Maya, que beneficiar\u00e1 a cinco Estados del sur sureste de nuestro pa\u00eds. Y que tambi\u00e9n  tomo la palabra a Chava. Vamos a trabajar juntos porque as\u00ed lo estamos haciendo y porque le hemos presentado al presidente electo, al licenciado Andr\u00e9s Manuel L\u00f3pez Obrador, el inter\u00e9s que tenemos como Gobierno y como municipio de que aqu\u00ed en Candelaria se haga una estaci\u00f3n y pueda tener beneficios de la ruta del Tren Maya, que traer\u00e1 beneficio a la regi\u00f3n para integrarla en el tema tur\u00edstico, en el tema comercial y en el tema de comunicaci\u00f3n.<\/p>\n<p>Por ello, les quiero compartir, a todas y a todos ustedes, vienen nuevos tiempos para nuestro pa\u00eds, nuevos tiempos para Campeche y nuevos tiempos para Candelaria pero yo reconozco, siempre, que el venir a este gran municipio, en un marco de respeto, de amabilidad, de cordialidad y de amistad, esa es la esencia de la pol\u00edtica. La pol\u00edtica es buena, la pol\u00edtica suma, la pol\u00edtica construye acuerdos.<\/p>\n<p>Lo que hoy necesitamos es sumar esfuerzos y voluntades, la vuelta a la p\u00e1gina electoral la dimos el 1 de julio; hoy, el pueblo ha decidido, el pueblo ha expresado su voluntad y su convicci\u00f3n democr\u00e1ticamente con esa gran responsabilidad que tienen las mujeres y los hombres de todo nuestro pa\u00eds, de nuestro Estado y de nuestro municipio. Ni lo cort\u00e9s quita lo valiente, ni lo valiente quita lo cort\u00e9s, el respeto debe de ser siempre, permanente, de frente y viendo hacia adelante.<\/p>\n<p>Por ello, hoy les digo a todas y a todos ustedes que debemos de trabajar juntos por este gran municipio y que, hoy, mientras m\u00e1s obras de infraestructura tengan, mientras m\u00e1s apoyos y programas lleguen a Candelaria, mejor le va a ir a las familias candelarenses. Como Gobernador, mi responsabilidad es esa.<\/p>\n<p>Hoy reconozco, en esta nueva administraci\u00f3n, en los regidores y en los s\u00edndicos, que tienen una enorme responsabilidad, la responsabilidad de escuchar y de atender al pueblo. Siempre lo he dicho, amigas y amigos, nadie nos va a regalar nada, nadie va a hacer por nosotros lo que nos toca hacer, es la hora y el momento de nuestro Estado, es la hora y el momento de Campeche.<\/p>\n<p>Por eso es importante presumir a nuestro Estado, presumir al gran municipio de Candelaria, presumir su riqueza natural, su riqueza cultural, presumir a su gente. Aqu\u00ed, hay gente noble, buena, trabajadora, que le ha aportado mucho al Estado y a nuestro pa\u00eds. Por ello, hay que sentirse profundamente orgullosos de su tierra. Siempre lo digo, nadie va a hacer por nosotros lo que nos toca hacer y para lograr lo que nunca hemos tenido, tenemos que hacer lo que nunca hemos hecho. Y s\u00f3lo depende de todos y cada uno de los que estamos aqu\u00ed.<\/p>\n<p>Hoy, le reitero al pueblo candelarense mi respeto, mi reconocimiento, mi gratitud, siempre, porque son un pueblo trabajador, de lucha, con car\u00e1cter y con orgullo. Y abiertamente les digo, me siento muy honrado y muy comprometido cada vez que me invitan a un evento trascendental como el d\u00eda de hoy, y acompa\u00f1arles para estar siempre al lado de ustedes.<\/p>\n<p>Y quiero terminar con una reflexi\u00f3n muy importante, una reflexi\u00f3n importante que nos deja claro lo que el pueblo campechano puede lograr y de lo que juntos podemos lograr, porque aqu\u00ed no deben de existir colores y partidos, como bien lo dijo Chava. Hay que trabajar juntos y en equipo pensando en nuestra gente.<\/p>\n<p>Y hoy, como te lo dije Chava, trabajar juntos en los pr\u00f3ximos tres a\u00f1os ser\u00e1 un gusto, ser\u00e1 un compromiso apoyarte y respaldarte para que te vaya muy bien como Presidente Municipal porque si le va bien al gobierno municipal, le va bien al pueblo de Candelaria. Y conmigo vas a contar en los pr\u00f3ximos tres a\u00f1os.<br \/>Y hoy les digo, en tierra de marinos, en mares, como es el Estado de Campeche: Un pesimista se queja siempre del viento, el optimista espera que el viento cambie y un realista, como los que estamos aqu\u00ed, ajustamos las velas del barco y llegamos adonde queremos ir.<\/p>\n<p>Hay que tener orgullo, hay que tener car\u00e1cter y hay que tener actitud para que a Campeche y a Candelaria les vaya muy bien. Much\u00edsimas gracias y muy contento de estar aqu\u00ed con ustedes.<\/p><\/p>\n","protected":false},"excerpt":{"rendered":"<p>Toma protesta a integrantes del nuevo cabildo&#8230;<\/p>\n","protected":false},"author":1018,"featured_media":0,"comment_status":"open","ping_status":"open","sticky":false,"template":"","format":"standard","meta":{"tdm_status":"","tdm_grid_status":"","footnotes":""},"categories":[27],"tags":[],"_links":{"self":[{"href":"https:\/\/dralvarez.com.mx\/larevista\/wp-json\/wp\/v2\/posts\/69594"}],"collection":[{"href":"https:\/\/dralvarez.com.mx\/larevista\/wp-json\/wp\/v2\/posts"}],"about":[{"href":"https:\/\/dralvarez.com.mx\/larevista\/wp-json\/wp\/v2\/types\/post"}],"author":[{"embeddable":true,"href":"https:\/\/dralvarez.com.mx\/larevista\/wp-json\/wp\/v2\/users\/1018"}],"replies":[{"embeddable":true,"href":"https:\/\/dralvarez.com.mx\/larevista\/wp-json\/wp\/v2\/comments?post=69594"}],"version-history":[{"count":0,"href":"https:\/\/dralvarez.com.mx\/larevista\/wp-json\/wp\/v2\/posts\/69594\/revisions"}],"wp:attachment":[{"href":"https:\/\/dralvarez.com.mx\/larevista\/wp-json\/wp\/v2\/media?parent=69594"}],"wp:term":[{"taxonomy":"category","embeddable":true,"href":"https:\/\/dralvarez.com.mx\/larevista\/wp-json\/wp\/v2\/categories?post=69594"},{"taxonomy":"post_tag","embeddable":true,"href":"https:\/\/dralvarez.com.mx\/larevista\/wp-json\/wp\/v2\/tags?post=69594"}],"curies":[{"name":"wp","href":"https:\/\/api.w.org\/{rel}","templated":true}]}}