{"id":69593,"date":"2018-09-25T00:00:00","date_gmt":"2018-09-25T06:00:00","guid":{"rendered":"https:\/\/dralvarez.com.mx\/larevista\/blog\/gobernador-amc-llama-a-construir-en-equipo-un-mejor-destino-para-campeche-29682"},"modified":"2018-09-25T00:00:00","modified_gmt":"2018-09-25T06:00:00","slug":"gobernador-amc-llama-a-construir-en-equipo-un-mejor-destino-para-campeche-29682","status":"publish","type":"post","link":"https:\/\/dralvarez.com.mx\/larevista\/compeche\/gobernador-amc-llama-a-construir-en-equipo-un-mejor-destino-para-campeche-29682","title":{"rendered":"Gobernador AMC llama a construir en equipo un mejor destino para Campeche"},"content":{"rendered":"<p><b><i><\/i><\/b><\/p>\n<blockquote><p><b><i>Ofrece respaldo total a las nuevas administraciones municipales.<\/i><\/b><\/p><\/blockquote>\n<p><b><i><b>ESC\u00c1RCEGA-.<\/b> En el tercer informe de actividades del Ayuntamiento de Esc\u00e1rcega y de la toma de protesta del cabildo electo para el per\u00edodo 2018-2021, el gobernador Alejandro Moreno C\u00e1rdenas convoc\u00f3 de forma contundente a la unidad y al trabajo comprometido, poniendo siempre por delante el destino del estado y de las actuales y futuras generaciones.&nbsp;<\/i><\/b><\/p>\n<\/p>\n<p>Dijo que su presencia en la ceremonia se dio en el marco de pleno respeto a la autonom\u00eda municipal, reconociendo en el ayuntamiento a una instituci\u00f3n fundamental para el desarrollo pol\u00edtico, econ\u00f3mico y social de las localidades.<\/p>\n<p>Reiter\u00f3, sin titubeos ni regateos, con compromiso y firme convicci\u00f3n, a la nueva administraci\u00f3n municipal todo su apoyo y respaldo para que el presidente Rodolfo Bautista Puc, cumpla todas sus promesas de campa\u00f1a.<\/p>\n<p>\u201cLo que nos mueve es la voluntad de construir en equipo; voluntad que desde un inicio hemos manifestado para establecer canales de comunicaci\u00f3n y acuerdos a favor de los escarceguenses\u201d, remarc\u00f3.<\/p>\n<p>Enfatiz\u00f3 que buen ejemplo de ello fue que recibi\u00f3 con mucho gusto la noticia de construcci\u00f3n del Tren Maya propuesto por el presidente electo Andr\u00e9s Manuel L\u00f3pez Obrador, el cual respalda e impulsa decididamente porque es un proyecto de infraestructura que fortalecer\u00e1 a Esc\u00e1rcega econ\u00f3mica, comercial y tur\u00edsticamente, adem\u00e1s de que es el m\u00e1s importante para la regi\u00f3n sur-sureste y en materia de v\u00edas f\u00e9rreas, para todo el pa\u00eds.<\/p>\n<p>Ante ello, anunci\u00f3 que resultado de una importante gesti\u00f3n, respaldada por el pr\u00f3ximo Gobierno de la Rep\u00fablica, se determin\u00f3 que la estaci\u00f3n y el taller de los trenes se ubicar\u00e1 en Esc\u00e1rcega, lo cual generar\u00e1  empleos e inversi\u00f3n.<\/p>\n<p>A\u00f1adi\u00f3 que ante la inquietud del pr\u00f3ximo alcalde escarceguense, se gestiona que las oficinas de distribuci\u00f3n de trenes, tambi\u00e9n se ubiquen en este municipio.<\/p>\n<p>Moreno C\u00e1rdenas enfatiz\u00f3 que, desde un inicio, las relaciones formales con L\u00f3pez Obrador se fundamentaron en el respeto, el di\u00e1logo, el acuerdo y la voluntad de trabajar juntos por M\u00e9xico y Campeche. <\/p>\n<p>\u201cPara \u00e9l y para nosotros la elecci\u00f3n qued\u00f3 atr\u00e1s; juntos le dimos la vuelta a la p\u00e1gina con gran actitud, determinaci\u00f3n y gran convicci\u00f3n, por ello ambos equipos \u2013federal y estatal- trabajan en lo que viene para seguir impulsando el crecimiento y desarrollo del estado\u201d, subray\u00f3.<\/p>\n<p>El mandatario estatal puntualiz\u00f3 que, derivado de ello, es importante que los tres \u00f3rdenes de gobierno sigan trabajando en un \u00e1nimo de colaboraci\u00f3n, de respeto y de trabajo permanente a favor de las familias, pues los esfuerzos aislados solo conducen a resultados aislados m\u00ednimos.<\/p>\n<p>Convoc\u00f3 a fortalecer la unidad y sumar esfuerzos, ya que el compromiso de los gobiernos es trabajar sin distingos de colores ni de partidos, trabajar por la entidad y pensar en lo que les conviene a las familias. <\/p>\n<p>Categ\u00f3ricamente, Moreno C\u00e1rdenas manifest\u00f3 que es el momento y la hora de Campeche y de Esc\u00e1rcega, por lo que quien promueva la divisi\u00f3n, quien critique y no proponga, quien est\u00e9 en contra de todo y favor de nada, no quiere el desarrollo del pueblo. <\/p>\n<p>Manifest\u00f3 que los campechanos se distinguen por tener categor\u00eda pol\u00edtica y ante ello es imperioso construir con base en el di\u00e1logo, el respeto y el trabajo permanente para que a la poblaci\u00f3n le vaya muy bien.<\/p>\n<p>Reafirm\u00f3 que su administraci\u00f3n trabajar\u00e1 comprometidamente y con respeto con los nuevos gobiernos municipales y federal, ya que los proyectos de infraestructura m\u00e1s importantes para el estado que generar\u00e1n desarrollo y empleo, como el Tren Maya, se deben consolidar sin mirar colores ni partidos.<\/p>\n<p>Asimismo, pidi\u00f3 el respaldo permanente de los legisladores de todas las fuerzas pol\u00edticas, porque en ellos est\u00e1 la decisi\u00f3n de otorgar los recursos que Campeche necesita.<\/p>\n<p>En la cancha de usos m\u00faltiples de la colonia Morelos, Moreno C\u00e1rdenas luego de recibir una copia del Tercer Informe del Gobierno Municipal saliente, de manos del alcalde Carlos Coll\u00ed Cuevas, tom\u00f3 protesta a los integrantes del cabildo para el per\u00edodo 2018-2021, encabezados por Rodolfo Bautista Puc.<\/p>\n<p>Tras la presentaci\u00f3n de un video informativo de las acciones realizadas en los ejes de desarrollo econ\u00f3mico, social, infraestructura, seguridad y administraci\u00f3n p\u00fablica, el presidente municipal Coll\u00ed Cuevas precis\u00f3 que en el \u00faltimo a\u00f1o de ejercicio administrativo se invirtieron m\u00e1s de 133 millones de pesos en diversas obras y acciones como caminos sacacosechas, ampliaci\u00f3n de la red el\u00e9ctrica, construcci\u00f3n y modernizaci\u00f3n de calles en zonas rurales y urbanas, ampliaci\u00f3n de la red de distribuci\u00f3n de agua, y mejoramiento del servicio de drenaje y alcantarillado, entre otras.<\/p>\n<p>Por su parte, el alcalde electo Bautista Puc dijo que su compromiso ser\u00e1 entregar cuentas claras y que prevalecer\u00e1 la esperanza sin grupos ni colores partidistas, pues las campa\u00f1as pol\u00edticas quedaron atr\u00e1s y se cerr\u00f3 una p\u00e1gina de lucha para crear la oportunidad de construir un municipio equitativo.<\/p>\n<p>Asever\u00f3 que su compromiso ser\u00e1 gobernar con tolerancia, equidad, haciendo prevalecer el Estado de Derecho y que entre sus principales acciones se encuentran reactivar la econom\u00eda del municipio, ejercer una inversi\u00f3n hist\u00f3rica en el deporte, la cultura y el arte, e impulsar al sector agropecuario y forestal.<\/p>\n<p>En representaci\u00f3n del Poder Judicial estuvo presente el magistrado Luis Enrique Lanz Guti\u00e9rrez de Velasco; del Poder Legislativo, la diputada Guadalupe Tejocote Gonz\u00e1lez, adem\u00e1s del senador An\u00edbal Ostoa Ortega y los diputados federales Carlos Mart\u00ednez Ak\u00e9 e Irasema Buenfil D\u00edaz.<\/p>\n","protected":false},"excerpt":{"rendered":"<p>Ofrece respaldo total a las nuevas administraciones municipales&#8230;<\/p>\n","protected":false},"author":1018,"featured_media":0,"comment_status":"open","ping_status":"open","sticky":false,"template":"","format":"standard","meta":{"tdm_status":"","tdm_grid_status":"","footnotes":""},"categories":[27],"tags":[],"_links":{"self":[{"href":"https:\/\/dralvarez.com.mx\/larevista\/wp-json\/wp\/v2\/posts\/69593"}],"collection":[{"href":"https:\/\/dralvarez.com.mx\/larevista\/wp-json\/wp\/v2\/posts"}],"about":[{"href":"https:\/\/dralvarez.com.mx\/larevista\/wp-json\/wp\/v2\/types\/post"}],"author":[{"embeddable":true,"href":"https:\/\/dralvarez.com.mx\/larevista\/wp-json\/wp\/v2\/users\/1018"}],"replies":[{"embeddable":true,"href":"https:\/\/dralvarez.com.mx\/larevista\/wp-json\/wp\/v2\/comments?post=69593"}],"version-history":[{"count":0,"href":"https:\/\/dralvarez.com.mx\/larevista\/wp-json\/wp\/v2\/posts\/69593\/revisions"}],"wp:attachment":[{"href":"https:\/\/dralvarez.com.mx\/larevista\/wp-json\/wp\/v2\/media?parent=69593"}],"wp:term":[{"taxonomy":"category","embeddable":true,"href":"https:\/\/dralvarez.com.mx\/larevista\/wp-json\/wp\/v2\/categories?post=69593"},{"taxonomy":"post_tag","embeddable":true,"href":"https:\/\/dralvarez.com.mx\/larevista\/wp-json\/wp\/v2\/tags?post=69593"}],"curies":[{"name":"wp","href":"https:\/\/api.w.org\/{rel}","templated":true}]}}