{"id":69573,"date":"2018-09-24T00:00:00","date_gmt":"2018-09-24T06:00:00","guid":{"rendered":"https:\/\/dralvarez.com.mx\/larevista\/blog\/sectur-presente-en-atmex-2018-29659"},"modified":"2018-09-24T00:00:00","modified_gmt":"2018-09-24T06:00:00","slug":"sectur-presente-en-atmex-2018-29659","status":"publish","type":"post","link":"https:\/\/dralvarez.com.mx\/larevista\/compeche\/sectur-presente-en-atmex-2018-29659","title":{"rendered":"SECTUR presente en ATMEX 2018"},"content":{"rendered":"<\/p>\n<p>Para potencializar el sector de turismo de aventura y naturaleza de Campeche, la Secretar\u00eda de Turismo del Gobierno del Estado, encabezada por su titular Jorge Manos Esparragoza, en coordinaci\u00f3n con prestadores de servicio de la entidad, participaron en la sexta edici\u00f3n de la Expo Adventure Travel M\u00e9xico (ATMEX) 2018, en Comala, Pueblo M\u00e1gico del estado de Colima, que sirvi\u00f3 como sede de este importante evento.<\/p>\n<p>Cabe se\u00f1alar que la Expo ATMEX es un evento enfocado al fomento \u201coutdoor\u201d (al aire libre) como es el ecoturismo, la pesca deportiva, buceo con tanque y apnea, campismo, senderismo, rappel, kayak, entre otras actividades que est\u00e1n posicion\u00e1ndose r\u00e1pidamente en el gusto del sector que las practica; teniendo como &nbsp;base fomentar la convivencia familiar, el cuidado y respeto a la naturaleza, el trabajo en equipo, el deporte y la salud.<\/p>\n<p>As\u00ed mismo la Expo ATMEX recibe una afluencia aproximada de m\u00e1s de cinco mil personas de diferentes Estados y realiza diversas actividades entre los expositores y participantes cuyo objetivo es generar contratos de contraprestaci\u00f3n de servicios para impulsar el turismo de aventura, mediante citas preestablecidas entre compradores y vendedores en la materia.<\/p>\n<p>En este evento se obtuvieron buenos resultados para la entidad, ya que se atendieron clientes con inter\u00e9s de visitar Campeche, a quienes se expuso el potencial con que cuenta todo el Estado para la pesca deportiva, el avistamiento de aves y de delfines en Isla Aguada, y las bellezas naturales, como los cenotes de Miguel Colorado, en Champot\u00f3n, al igual que la granja de cocodrilos en Isla Arena.<\/p>\n<p>En la ceremonia de inauguraci\u00f3n el Secretario de Turismo, Jorge Manos Esparragoza, en su car\u00e1cter de Presidente de la Asociaci\u00f3n de Secretarios de Turismo de M\u00e9xico, (ASETUR) acompa\u00f1\u00f3 al Gobernador del Estado de Colima Jos\u00e9 Ignacio Peralta S\u00e1nchez, quien destac\u00f3 que este evento constituye un espacio para promover la oferta de este segmento y acercar a compradores y operadores de servicios tur\u00edsticos de todo el pa\u00eds.<\/p><\/p>\n","protected":false},"excerpt":{"rendered":"<p>La Expo ATMEX recibe una afluencia aproximada de m\u00e1s de cinco mil personas de diferentes Estados y realiza diversas actividades entre los expositores<\/p>\n","protected":false},"author":1018,"featured_media":0,"comment_status":"open","ping_status":"open","sticky":false,"template":"","format":"standard","meta":{"tdm_status":"","tdm_grid_status":"","footnotes":""},"categories":[27],"tags":[],"_links":{"self":[{"href":"https:\/\/dralvarez.com.mx\/larevista\/wp-json\/wp\/v2\/posts\/69573"}],"collection":[{"href":"https:\/\/dralvarez.com.mx\/larevista\/wp-json\/wp\/v2\/posts"}],"about":[{"href":"https:\/\/dralvarez.com.mx\/larevista\/wp-json\/wp\/v2\/types\/post"}],"author":[{"embeddable":true,"href":"https:\/\/dralvarez.com.mx\/larevista\/wp-json\/wp\/v2\/users\/1018"}],"replies":[{"embeddable":true,"href":"https:\/\/dralvarez.com.mx\/larevista\/wp-json\/wp\/v2\/comments?post=69573"}],"version-history":[{"count":0,"href":"https:\/\/dralvarez.com.mx\/larevista\/wp-json\/wp\/v2\/posts\/69573\/revisions"}],"wp:attachment":[{"href":"https:\/\/dralvarez.com.mx\/larevista\/wp-json\/wp\/v2\/media?parent=69573"}],"wp:term":[{"taxonomy":"category","embeddable":true,"href":"https:\/\/dralvarez.com.mx\/larevista\/wp-json\/wp\/v2\/categories?post=69573"},{"taxonomy":"post_tag","embeddable":true,"href":"https:\/\/dralvarez.com.mx\/larevista\/wp-json\/wp\/v2\/tags?post=69573"}],"curies":[{"name":"wp","href":"https:\/\/api.w.org\/{rel}","templated":true}]}}