{"id":69530,"date":"2018-09-21T00:00:00","date_gmt":"2018-09-21T06:00:00","guid":{"rendered":"https:\/\/dralvarez.com.mx\/larevista\/blog\/reunion-con-titulares-y-responsables-de-los-centros-de-desarrollo-comunitario-29615"},"modified":"2018-09-21T00:00:00","modified_gmt":"2018-09-21T06:00:00","slug":"reunion-con-titulares-y-responsables-de-los-centros-de-desarrollo-comunitario-29615","status":"publish","type":"post","link":"https:\/\/dralvarez.com.mx\/larevista\/compeche\/reunion-con-titulares-y-responsables-de-los-centros-de-desarrollo-comunitario-29615","title":{"rendered":"Reuni\u00f3n con titulares y responsables de los centros de desarrollo comunitario"},"content":{"rendered":"<p>\u201cReciban un afectuoso saludo de la Presidenta del Patronato del DIF Estatal, Christelle Casta\u00f1\u00f3n de Moreno\u201d, transmiti\u00f3, la Directora General del SEDIF; Silvia Elena Parrao Arceo, durante la reuni\u00f3n con titulares y responsables de los 29 Centros de Desarrollo Comunitario (CDC), donde las felicit\u00f3 por el gran trabajo que realizan d\u00eda con d\u00eda, impactando positivamente en la vida de muchas familias, asimismo, las llam\u00f3 para continuar trabajando a favor de los grupos vulnerables.<\/p>\n<p>\u201cSon vidas que han cambiado de manera integral, ofreciendo a los ni\u00f1os alternativas de aprendizaje, evit\u00e1ndoles los peligros que pueden encontrar en las calles, pero, a la vez, ofreciendo a las madres y padres de familia, una opci\u00f3n de aprender un oficio para contar con un ingreso extra que fortalezca su econom\u00eda familiar\u201d, mencion\u00f3 Parrao Arceo.<\/p>\n<p>Durante la reuni\u00f3n de trabajo, trataron temas relacionados con el fortalecimiento de los CDC y calendarizaci\u00f3n de las actividades pr\u00f3ximas a realizarse, y antes de despedirse agradeci\u00f3 el trabajo intenso y metas cumplidas en favor de las familias y las personas en situaci\u00f3n vulnerable que m\u00e1s lo necesitan.<\/p>\n<p>A la reuni\u00f3n que se realiz\u00f3 en el sal\u00f3n \u201cLilia Reyes de L\u00f3pez Hern\u00e1ndez\u201d de la Mansi\u00f3n Carvajal, acompa\u00f1aron a la Directora General del SEDIF Silvia Elena Parrao Arceo, la Directora de Desarrollo Familiar y Voluntariado Sonia Castilla Trevi\u00f1o y la Directora de Comunicaci\u00f3n Social, Gabriela Flores C\u00f3rdova.<\/p>\n","protected":false},"excerpt":{"rendered":"<p>Son vidas que han cambiado de manera integral, ofreciendo a los ni\u00f1os alternativas de aprendizaje, evit\u00e1ndoles los peligros que pueden encontrar en la<\/p>\n","protected":false},"author":1018,"featured_media":0,"comment_status":"open","ping_status":"open","sticky":false,"template":"","format":"standard","meta":{"tdm_status":"","tdm_grid_status":"","footnotes":""},"categories":[27],"tags":[],"_links":{"self":[{"href":"https:\/\/dralvarez.com.mx\/larevista\/wp-json\/wp\/v2\/posts\/69530"}],"collection":[{"href":"https:\/\/dralvarez.com.mx\/larevista\/wp-json\/wp\/v2\/posts"}],"about":[{"href":"https:\/\/dralvarez.com.mx\/larevista\/wp-json\/wp\/v2\/types\/post"}],"author":[{"embeddable":true,"href":"https:\/\/dralvarez.com.mx\/larevista\/wp-json\/wp\/v2\/users\/1018"}],"replies":[{"embeddable":true,"href":"https:\/\/dralvarez.com.mx\/larevista\/wp-json\/wp\/v2\/comments?post=69530"}],"version-history":[{"count":0,"href":"https:\/\/dralvarez.com.mx\/larevista\/wp-json\/wp\/v2\/posts\/69530\/revisions"}],"wp:attachment":[{"href":"https:\/\/dralvarez.com.mx\/larevista\/wp-json\/wp\/v2\/media?parent=69530"}],"wp:term":[{"taxonomy":"category","embeddable":true,"href":"https:\/\/dralvarez.com.mx\/larevista\/wp-json\/wp\/v2\/categories?post=69530"},{"taxonomy":"post_tag","embeddable":true,"href":"https:\/\/dralvarez.com.mx\/larevista\/wp-json\/wp\/v2\/tags?post=69530"}],"curies":[{"name":"wp","href":"https:\/\/api.w.org\/{rel}","templated":true}]}}