{"id":69519,"date":"2018-09-21T00:00:00","date_gmt":"2018-09-21T06:00:00","guid":{"rendered":"https:\/\/dralvarez.com.mx\/larevista\/blog\/capacitan-a-personal-del-cesp-sobre-ley-de-armas-de-fuego-y-explosivos-29604"},"modified":"2018-09-21T00:00:00","modified_gmt":"2018-09-21T06:00:00","slug":"capacitan-a-personal-del-cesp-sobre-ley-de-armas-de-fuego-y-explosivos-29604","status":"publish","type":"post","link":"https:\/\/dralvarez.com.mx\/larevista\/compeche\/capacitan-a-personal-del-cesp-sobre-ley-de-armas-de-fuego-y-explosivos-29604","title":{"rendered":"Capacitan a personal del CESP sobre ley de armas de fuego y explosivos"},"content":{"rendered":"<p>Dando atenci\u00f3n y cumplimiento a los objetivos planteados en el Programa de Desarrollo de capacidades en las Instituciones locales destinadas a la Prevenci\u00f3n Social de la Violencia y Delincuencia con Participaci\u00f3n Ciudadana en temas relativos a la Seguridad P\u00fablica, se capacit\u00f3 a servidores p\u00fablicos del Consejo Estatal de Seguridad P\u00fablica (CESP), donde personal de la Delegaci\u00f3n de la Procuradur\u00eda General de la Rep\u00fablica (PGR) en Campeche, imparti\u00f3 el tema relativo a la Ley Federal de Armas de Fuego y Explosivos.<\/p>\n<p>En su mensaje de bienvenida, el titular del Consejo, Manuel Lanz Novelo, mencion\u00f3 la importancia de la profesionalizaci\u00f3n de los elementos involucrados en la seguridad p\u00fablica, agradeciendo el apoyo a la autoridad estatal, representada en esta ocasi\u00f3n por Selene Pe\u00f1a, titular del \u00e1rea de Prevenci\u00f3n del Delito, y Georgina Berrocal, Perito en Bal\u00edstica Forense.<\/p>\n<p>Dicho curso tiene el firme prop\u00f3sito de crear replicadores, para que la informaci\u00f3n proporcionada en las actividades que este personal desarrolla en materia de prevenci\u00f3n del delito y fomento de la cultura de la legalidad, llegue a toda la geograf\u00eda estatal<\/p>\n","protected":false},"excerpt":{"rendered":"<p>Dicho curso tiene el firme prop\u00f3sito de crear replicadores, para que la informaci\u00f3n proporcionada en las actividades que este personal desarrolla en m<\/p>\n","protected":false},"author":1018,"featured_media":0,"comment_status":"open","ping_status":"open","sticky":false,"template":"","format":"standard","meta":{"tdm_status":"","tdm_grid_status":"","footnotes":""},"categories":[27],"tags":[],"_links":{"self":[{"href":"https:\/\/dralvarez.com.mx\/larevista\/wp-json\/wp\/v2\/posts\/69519"}],"collection":[{"href":"https:\/\/dralvarez.com.mx\/larevista\/wp-json\/wp\/v2\/posts"}],"about":[{"href":"https:\/\/dralvarez.com.mx\/larevista\/wp-json\/wp\/v2\/types\/post"}],"author":[{"embeddable":true,"href":"https:\/\/dralvarez.com.mx\/larevista\/wp-json\/wp\/v2\/users\/1018"}],"replies":[{"embeddable":true,"href":"https:\/\/dralvarez.com.mx\/larevista\/wp-json\/wp\/v2\/comments?post=69519"}],"version-history":[{"count":0,"href":"https:\/\/dralvarez.com.mx\/larevista\/wp-json\/wp\/v2\/posts\/69519\/revisions"}],"wp:attachment":[{"href":"https:\/\/dralvarez.com.mx\/larevista\/wp-json\/wp\/v2\/media?parent=69519"}],"wp:term":[{"taxonomy":"category","embeddable":true,"href":"https:\/\/dralvarez.com.mx\/larevista\/wp-json\/wp\/v2\/categories?post=69519"},{"taxonomy":"post_tag","embeddable":true,"href":"https:\/\/dralvarez.com.mx\/larevista\/wp-json\/wp\/v2\/tags?post=69519"}],"curies":[{"name":"wp","href":"https:\/\/api.w.org\/{rel}","templated":true}]}}