{"id":69508,"date":"2018-09-21T00:00:00","date_gmt":"2018-09-21T06:00:00","guid":{"rendered":"https:\/\/dralvarez.com.mx\/larevista\/blog\/gobernador-amc-firma-convenio-para-establecimiento-y-desarrollo-de-la-zee-29593"},"modified":"2018-09-21T00:00:00","modified_gmt":"2018-09-21T06:00:00","slug":"gobernador-amc-firma-convenio-para-establecimiento-y-desarrollo-de-la-zee-29593","status":"publish","type":"post","link":"https:\/\/dralvarez.com.mx\/larevista\/compeche\/gobernador-amc-firma-convenio-para-establecimiento-y-desarrollo-de-la-zee-29593","title":{"rendered":"Gobernador AMC firma convenio para establecimiento y desarrollo de la ZEE"},"content":{"rendered":"<p>La Zona Econ\u00f3mica Especial representa la gran oportunidad para transformar a Campeche y revolucionar la calidad de vida de la poblaci\u00f3n, asegur\u00f3 el gobernador Alejandro Moreno C\u00e1rdenas durante la firma del Convenio de coordinaci\u00f3n para el establecimiento y desarrollo de la Zona Econ\u00f3mica Especial y su \u00e1rea de influencia, con el cual se da pie a la llegada de inversiones y construcci\u00f3n de obra en un pol\u00edgono de m\u00e1s de dos mil 900 hect\u00e1reas en los municipios de Campeche, Champot\u00f3n y Carmen.<\/p>\n<p>Tras suscribir el documento con el titular de la Autoridad Federal para el Desarrollo de las Zonas Econ\u00f3micas Especiales, Gerardo Guti\u00e9rrez Candiani y los alcaldes de Campeche, Edgar Hern\u00e1ndez Hern\u00e1ndez y de Champot\u00f3n, Ra\u00fal Uribe Haydar, Moreno C\u00e1rdenas subray\u00f3 que con el acuerdo se abre una nueva ventana de oportunidades, crecimiento y desarrollo para el estado, pues los empresarios ya podr\u00e1n gozar de paquetes de incentivos fiscales y tener certeza en su inversi\u00f3n porque se asentar\u00e1n en la entidad m\u00e1s segura del pais.<\/p>\n<p>Ante representantes del sector empresarial y de organismos p\u00fablicos, agreg\u00f3 que tambi\u00e9n se podr\u00e1 fortalecer la vinculaci\u00f3n entre el sector publico, privado y acad\u00e9mico para formar capital humano de calidad y hacer realidad que los t\u00edtulos profesionales se conviertan en empleos reales.<\/p>\n<p>\u201cLa Zona Econ\u00f3mica Especial es una gesti\u00f3n hist\u00f3rica sin precedentes, pero sobre todo es la gran oportunidad que tiene Campeche para dar un fuerte impulso a su desarrollo econ\u00f3mico\u201d, subray\u00f3.<\/p>\n<p>Dijo que con la firma del acuerdo las empresas ya podr\u00e1n asentarse en el pol\u00edgono establecido, lo que va a permitir generar empleo, inversi\u00f3n, crecimiento y desarrollo, y record\u00f3 que se calcula que m\u00e1s de 39 empresas anclas podr\u00e1n estar en Campeche creando pr\u00e1cticamente 52 mil empleos en los pr\u00f3ximos 20 a\u00f1os, propiciando inversiones de m\u00e1s de tres mil 700 millones de d\u00f3lares. <\/p>\n<p>Moreno C\u00e1rdenas enfatiz\u00f3 que su compromiso es respaldar a las autoridades municipales y apoyar al nuevo gobierno federal que viene con \u00e1nimo y vigor, apost\u00e1ndole al sureste, pues lo m\u00e1s importante es generarle beneficios a los campechanos.<\/p>\n<p>Ante ello, ratific\u00f3 que su gobierno trabajar\u00e1 en equipo con la pr\u00f3xima administraci\u00f3n de Andr\u00e9s Manuel L\u00f3pez Obrador y puso como ejemplo el respaldo que ha otorgado al proyecto del Tren Maya, pues es una obra de infraestructura que a Campeche le garantizar\u00e1 una mayor conectividad, intercambio cultural, industrial, comercial y tur\u00edstico.<\/p>\n<p>Agreg\u00f3 que el proyecto impactar\u00e1 a seis municipios, pues en su trazo contempla rutas por los municipios de Esc\u00e1rcega y Calakmul, as\u00ed como por Calkin\u00ed, Hecelchak\u00e1n, Tenabo y Campeche, y  ahora que se ha consolidado la Zona Econ\u00f3mica Especial se abre la oportunidad de construir un ramal ferroviario hacia el puerto de Seybaplaya, donde a partir del 1 de enero de 2019 comenzar\u00e1n a arribar los primeros cruceros, permitiendo poco a poco ir consolidando el sector tur\u00edstico.<\/p>\n<p>\u201cNosotros somos un gobierno que cree firmemente en el di\u00e1logo, la ley y la pol\u00edtica para construir acuerdos y consensos, y que tiene como base fundamental la gesti\u00f3n, el compromiso y el trabajo en equipo, siempre pensando en favor del pueblo de Campeche\u201d, finaliz\u00f3.<br \/>Antes, Guti\u00e9rrez Candiani precis\u00f3 que con la firma del convenio de coordinaci\u00f3n se pasa oficialmente al terreno de las realidades con inversiones y obras en el corto, mediano y largo plazo, tanto en el sector p\u00fablico, como en el privado, adem\u00e1s que representa la concreci\u00f3n de una promesa hecha a los campechanos, derivada del compromiso presidencial del 4 de mayo del 2016, bajo el Programa de Reactivaci\u00f3n Econ\u00f3mica y Desarrollo Productivo para Campeche y Tabasco.<\/p>\n<p>\u201cQu\u00e9 mejor causa para coordinarnos que activar el c\u00edrculo virtuoso de la inversi\u00f3n, la productividad, el empleo bien remunerado, la educaci\u00f3n, las claves del desarrollo sostenible y la movilidad social; hoy refrendamos nuestro compromiso con Campeche para que su Zona Econ\u00f3mica Especial cumpla ese rol detonador\u201d, manifest\u00f3.<br \/>Resalt\u00f3 que el convenio de coordinaci\u00f3n establece tambi\u00e9n los compromisos que asume el Gobierno del Estado de Campeche y sus \u00e1reas de influencia respecto al otorgamiento de facilidades e incentivos municipales y locales; as\u00ed como de acciones de ordenamiento territorial y de mejora regulatoria, planeaci\u00f3n y ejecuci\u00f3n de temas de seguridad p\u00fablica, fortalecimiento del capital humano, financiamientos, promoci\u00f3n de encadenamientos productivos e innovaci\u00f3n y transferencia tecnol\u00f3gica.<br \/>Agreg\u00f3 que la vocaci\u00f3n de la ZEE de Campeche permitir\u00e1 impulsar las industrias de bebidas, pl\u00e1stico, caucho y automotriz, preparaci\u00f3n y envasado de pescados y mariscos, y procesamiento de productos agropecuarios en varios rubros.<br \/>Por su parte, el secretario de Desarrollo Econ\u00f3mico, Jos\u00e9 Domingo Berzunza Esp\u00ednola, explic\u00f3 que con la suscripci\u00f3n de este convenio se concluyen cinco de las ocho etapas para el desarrollo de la Zona Econ\u00f3mica Especial en el estado y sus \u00e1reas de influencia, siendo esto una realidad gracias al trabajo de coordinaci\u00f3n.<br \/>Posteriormente, el presidente municipal de Champot\u00f3n, Ra\u00fal Uribe Haydar, sostuvo que con el liderazgo del gobernador Alejandro Moreno C\u00e1rdenas, la Zona Econ\u00f3mica Especial ser\u00e1 la de mayor atenci\u00f3n del pa\u00eds por ser el estado m\u00e1s seguro.<br \/>En el evento tambi\u00e9n estuvieron, la presidenta del Congreso Local, Laura Baqueiro Ramos; la secretaria de Finanzas, Am\u00e9rica Azar P\u00e9rez y el secretario de Planeaci\u00f3n, Ram\u00f3n Arredondo Anguiano, entre otras autoridades.<\/p>\n<p><b>Palabras del gobernador del estado, Alejandro Moreno C\u00e1rdenas, durante la firma del convenio de coordinaci\u00f3n para el establecimiento y desarrollo&nbsp;<\/b><b>de la zona econ\u00f3mica especial de Campeche y su \u00e1rea de influencia.<\/b><\/p>\n<p><b><\/b>Muy buenas tardes ya, amigas y amigos. Hab\u00eda preparado un discurso para este evento muy importante para el Estado de Campeche, pero despu\u00e9s de escuchar las intervenciones, el compromiso que queda claro y plasmado en este d\u00eda, del Gobierno de la Rep\u00fablica, del Gobierno del Estado, de los gobiernos municipales, de la sociedad civil, de los empresarios, de los servidores p\u00fablicos que han participado en este enorme esfuerzo, no me queda m\u00e1s que, como siempre, compartir con ustedes lo que pienso, lo que siento y lo que estamos construyendo juntos para que Campeche sea un Estado en desarrollo, sea un Estado que camine con certeza y certidumbre rumbo a la transformaci\u00f3n que necesitamos para salir adelante y para tener una mejor calidad de vida.<\/p>\n<p>Yo quiero agradecerle, en primer lugar, a todas y a todos ustedes su presencia; destacar ampl\u00edsimamente la presencia de quien sin duda ha sido un gran amigo, ha sido un aliado del pueblo campechano y antes que les diga, que ustedes ya saben qui\u00e9n es, quiero compartirles que lograr esta firma de convenio verdaderamente fue un gran reto y un enorme desaf\u00edo. Porque, todos ustedes saben, el Estado de Campeche no estaba contemplado en la primera parte o en el primer paquete de las Zonas Econ\u00f3micas Especiales.<\/p>\n<p>Con base en el trabajo, en el compromiso, en la gesti\u00f3n, al respaldo, como siempre lo hemos tenido, de quien sin duda ha sido el mejor amigo de Campeche, el Presidente de la Rep\u00fablica que m\u00e1s ha apoyado a Campeche y que aqu\u00ed no s\u00f3lo le reconocemos su apoyo sino siempre le estaremos eternamente agradecidos: al presidente de la Rep\u00fablica, al licenciado Enrique Pe\u00f1a Nieto. Y comparto con ustedes esta gesti\u00f3n, muy importante, y contar no s\u00f3lo con estudios, no s\u00f3lo con  impactos ambientales, no s\u00f3lo con todos los tr\u00e1mites que ustedes saben que se necesitan cumplir para poder participar y ser hoy considerados como Zona Econ\u00f3mica Especial, sino el trabajar en equipo para integrarlos, para poder llevarlo a la mesa, para poder llevar a Campeche y que pudiera ser considerado en esta oportunidad clara que hoy tenemos de cara al presente y al futuro.<\/p>\n<p>Y por ello les dec\u00eda que contamos, desde un inicio, con un equipo profesional, con un equipo comprometido, con un equipo que ten\u00eda claro que el trabajar juntos nos pod\u00eda abrir esa ventana de oportunidades a un Estado como el nuestro, que est\u00e1 en plena v\u00eda de desarrollo y que necesita, y que necesitaba en ese momento, de todo el respaldo y de todo el compromiso del Gobierno de la Rep\u00fablica, pero sin lugar a dudas de quienes estaban encargados de implementar las Zonas Econ\u00f3micas Especiales.<\/p>\n<p>Por eso, hoy le reitero no s\u00f3lo mi afecto, no s\u00f3lo mi aprecio, mi amistad\u2026\u00c9l sabe que aqu\u00ed en Campeche se le quiere, tiene un amigo y Campeche es su casa. Muchas gracias, Licenciado Gerardo Guti\u00e9rrez Candiani, por todo tu apoyo y por todo tu respaldo, siempre ser\u00e1s bienvenido en Campeche. Muchas gracias por tu apoyo.<\/p>\n<p>Y tambi\u00e9n quiero agradecerle a su equipo, a Enrique Huesca que est\u00e1 con nosotros, a Sergio Segreste, a nuestra amigo el licenciado Zafra, agradecerle mucho a Eduardo Romero, muchas gracias porque ellos tambi\u00e9n merecen un reconocimiento. Aqu\u00ed los tuvimos, aqu\u00ed estuvieron trabajando, as\u00ed que muchas gracias por su apoyo.<\/p>\n<p>Y apreciar y reconocer la presencia de los presidentes municipales de Champot\u00f3n y de Campeche que se encuentran con nosotros, a la titular del Poder Legislativo porque el Congreso jug\u00f3 un papel fundamental para adecuar normas, para tener esa claridad jur\u00eddica que necesit\u00e1bamos para poder implementar la Zona Econ\u00f3mica Especial.<\/p>\n<p>A todo el equipo, al gabinete en el Gobierno del Estado, mi reconocimiento; a Am\u00e9rica por todo su compromiso desde la Secretar\u00eda de Finanzas, a todos, Secretar\u00eda de Medio Ambiente\u2026 Pero yo quiero aprovechar este marco donde est\u00e1n nuestros amigos los empresarios, donde est\u00e1n compa\u00f1eras y compa\u00f1eros de Champot\u00f3n, de Carmen, el Cabildo de Champot\u00f3n, el Cabildo de Campeche, el Cabildo de Carmen, y dejar muy claro que esta es la gran oportunidad que tiene Campeche.<\/p>\n<p>Desde el primer d\u00eda mi gobierno, nosotros hemos basado el gobierno en la gesti\u00f3n, en el trabajo comprometido, en ver y en ir hacia adelante. Si corremos y nos cansamos, caminamos; si caminamos y nos caemos, nos levantamos y seguimos y vamos hacia adelante.<br \/>Eso es lo que necesita Campeche, es el momento y la hora de nuestro Estado, es el momento de tener claro que s\u00f3lo trabajando juntos y trabajando en equipo a los campechanos les va a ir muy bien. Por ello esta gesti\u00f3n es una gesti\u00f3n hist\u00f3rica, sin precedentes.<\/p>\n<p>En esta firma de convenio, hoy abrimos una nueva ventana de oportunidad, de crecimiento y de desarrollo para Campeche. Hoy los empresarios ya podr\u00e1n gozar del paquete de est\u00edmulos fiscales, hoy las empresas podr\u00e1n venir, en este pol\u00edgono amplio de m\u00e1s de dos mil 900 hect\u00e1reas, y eso nos va a permitir generaci\u00f3n de empleo, generaci\u00f3n de oportunidades, inversi\u00f3n, crecimiento y desarrollo.<br \/>Y ello, implica, porque los n\u00fameros se pueden decir muy f\u00e1ciles pero ah\u00ed est\u00e1n los n\u00fameros, m\u00e1s de 39 empresas ancla que pueden estar en Campeche, pr\u00e1cticamente 52 mil empleos en los pr\u00f3ximos 20 a\u00f1os y una inversi\u00f3n de m\u00e1s de 3 mil 700 millones de d\u00f3lares.<br \/>Se puede decir f\u00e1cil, pero ah\u00ed est\u00e1, ah\u00ed est\u00e1 la gran oportunidad para cambiarle el rostro y para transformar a nuestro Estado.<\/p>\n<p>\u00bfQui\u00e9n de los que est\u00e1 aqu\u00ed, muchos, no tiene un primo, un hermano, un sobrino, un amigo, que haya terminado una carrera y no tenga empleo? Y hoy, esta es la gran oportunidad para que los t\u00edtulos profesionales de los j\u00f3venes se conviertan en empleos reales.<br \/>Para que tengamos ese impacto en todo el Estado y que hoy, lo digo como lo mencion\u00e9 hoy en la ma\u00f1ana, en la entrega de equipamiento a Seguridad P\u00fablica; no me cansar\u00e9 de decirlo porque ese es el reto de M\u00e9xico, ese es el reto que las familias mexicanas quieren que resolvamos de fondo.<\/p>\n<p>Primero, el tema de la paz, de la armon\u00eda y de la seguridad, y no lo digo yo, lo dice el Sistema Nacional de Seguridad P\u00fablica, el Estado con la menor incidencia delictiva del pa\u00eds por cada cien mil habitantes, es Campeche y por ende, somos el Estado m\u00e1s seguro.<br \/>Y no quiere decir que no existan delitos, \u00a1claro que existen delitos! Pero trabajamos todos los d\u00edas para garantizarles seguridad, paz y armon\u00eda a las familias campechanas. Pero el tener seguridad es una parte, el tener la preparaci\u00f3n y el profesionalismo de vincular al Gobierno, a las empresas, la iniciativa privada y el sector educativo.<\/p>\n<p>Y el tener esa permanente formaci\u00f3n de capital humano que nos permita, hoy, ser verdaderamente una alternativa de inversi\u00f3n, de crecimiento y de desarrollo. Y por eso estoy muy contento, estoy verdaderamente contento y echado para adelante porque se ver\u00e1 el impacto en el Estado, pero en estos municipios, principalmente en el municipio de Champot\u00f3n, Carmen y Campeche, verdaderamente vamos a revolucionar la mejor oportunidad y la mejor calidad de vida que pueden tener los ciudadanos campechanos. Y repito y reitero, gesti\u00f3n, gesti\u00f3n y  m\u00e1s gesti\u00f3n todos los d\u00edas.<\/p>\n<p>Siempre lo digo, un gobernante no tiene problemas, un gobernante tiene asuntos qu\u00e9 resolver pues para ello lo eligi\u00f3 el pueblo, para darles soluciones y resultados a la ciudadan\u00eda. Y aqu\u00ed, mi compromiso es no s\u00f3lo apoyar y respaldar a los gobiernos municipales, es impulsar y gestionar, juntos, ante el Gobierno de la Rep\u00fablica que concluye en los pr\u00f3ximos meses, y ante la nueva administraci\u00f3n federal que viene con \u00e1nimo, que viene con vigor y que quiere invertir y apostarle al sureste.<\/p>\n<p>A la nueva administraci\u00f3n, al presidente electo, al licenciado Andr\u00e9s Manuel L\u00f3pez Obrador, desde Campeche le decimos que reiteramos el compromiso de trabajar juntos y en equipo, con amabilidad, con cordialidad y siempre pensando en el beneficio del pueblo campechano. Porque hoy se ha presentado el proyecto de infraestructura m\u00e1s importante para el sur sureste, una inversi\u00f3n de entre 120 y 150 mil millones de pesos, que va a generar empleo, que va a generar oportunidades, que va a integrar a los Estados de la Pen\u00ednsula y que nos va a permitir tener conectividad, intercambio comercial, industrial y tur\u00edstico, y fortalecer v\u00edas de comunicaci\u00f3n entre Estados hermanos y entre pueblos hermanos.<\/p>\n<p>Y por ello, nosotros somos un Estado y somos un gobierno que cree firmemente en el di\u00e1logo, en la ley y en la pol\u00edtica, en la pol\u00edtica permanente para construir acuerdos y consensos siempre en favor del pueblo de Campeche. Y por ello, estamos muy echados para adelante porque en este proyecto, en el Tren Maya, tambi\u00e9n tendr\u00e1n impacto seis municipios del Estado.<\/p>\n<p>Que es muy importante porque en el trazo original que pasa por los municipios de Esc\u00e1rcega y Calakmul, va al Estado de Quintana Roo, luego a Yucat\u00e1n y luego, una vez m\u00e1s, baja a los municipios de Calkin\u00ed, Hecelchak\u00e1n, Tenabo, Campeche; y lo que queremos es que en esta gran inversi\u00f3n que ser\u00e1 un tren r\u00e1pido, a una velocidad de 160 kil\u00f3metros por hora, que ser\u00e1 un tren moderno y que nos permitir\u00e1 tener esa conectividad, qu\u00e9 mejor que ya teniendo la Zona Econ\u00f3mica Especial en Seybaplaya y en el puerto poder construir un ramal para que tengamos el acceso directo al puerto y verdaderamente construyamos y consumemos el desarrollo y la potencia que es Campeche en los puertos y en el sector tur\u00edstico.<\/p>\n<p>Y quiero decirles, as\u00ed, para terminar agradeci\u00e9ndoles su paciencia y su tiempo, decirles que a partir del primero de enero de 2019, a partir del pr\u00f3ximo a\u00f1o, igual con una gesti\u00f3n perseverante y decidida, arribar\u00e1n los primeros cruceros al Estado de Campeche y arribar\u00e1n al Puerto de Seybaplaya. Y el tener esa oportunidad de 18 millones de turistas en la Pen\u00ednsula, que nos visitan, poder tener esa conectividad entre cinco Estados hermanos, nos va a permitir, poco a poco, ir consolid\u00e1ndonos en un sector muy importante para M\u00e9xico y para Campeche, que es el sector tur\u00edstico sin dejar de lado nuestro sector comercial, industrial, nuestro sector energ\u00e9tico que es muy importante para nosotros.<\/p>\n<p>Por ello, termino con todas y con todos ustedes, dici\u00e9ndoles de frente y vi\u00e9ndoles a los ojos, nuestro Gobierno es un gobierno que tiene como base, fundamental, la gesti\u00f3n, el acuerdo, el compromiso, el trabajar en equipo. Y estoy muy echado para adelante porque con la nueva administraci\u00f3n federal que habr\u00e1 de iniciar el 1 de diciembre, estamos construyendo una extraordinaria relaci\u00f3n, una relaci\u00f3n permanente de trabajo y de compromiso.<\/p>\n<p>Y no tengan ni la menor duda, su amigo Alejandro Moreno, hoy Gobernador por mandato de todos y de muchos de ustedes, quiero decirles que saben y entienden la pol\u00edtica, que tengo claro que lo primero que debemos de poner por delante es el inter\u00e9s de nuestro Estado, la mejor calidad de vida para los campechanos, mejores empleos para las familias de nuestro Estado. Y siempre generar las mejores oportunidades para esas ni\u00f1as, para esos ni\u00f1os y para esos j\u00f3venes que lo \u00fanico que quieren es vivir en un Estado de paz, de armon\u00eda, de tranquilidad y donde haya oportunidades.<\/p>\n<p>Hoy reitero a los tres \u00f3rdenes de gobierno, a los funcionarios estatales de nuestra administraci\u00f3n, a los servidores p\u00fablicos municipales, a los alcaldes en funciones, hoy, y a los presidentes municipales electos, como el maestro Daniel Le\u00f3n que hoy nos acompa\u00f1a; decirles a todos: Trabajar juntos y en equipo es la \u00fanica f\u00f3rmula que existe para que nuestro Estado salga hacia adelante.<\/p>\n<p>Nada ni nadie van a hacer por nosotros lo que nos toca hacer, es el momento y la hora de reafirmar nuestro compromiso por Campeche; presumamos a nuestro Estado, hablemos bien de todos los rincones de Campeche, de nuestro turismo, de nuestra riqueza cultural, de nuestra riqueza natural, de nuestra gastronom\u00eda, de nuestra gente.<\/p>\n<p>Eso es lo que habla bien de un campechano bien nacido, presumir su tierra porque en Campeche no s\u00f3lo vale la pena nacer, no s\u00f3lo vale la pena morir, vale la pena dar nuestra vida para que los campechanos tengan un mejor destino y un mejor horizonte. Felicidades a todos y muy buenas tardes.<\/p>\n<p><b><\/b><\/p>\n","protected":false},"excerpt":{"rendered":"<p>\u201cLa Zona Econ\u00f3mica Especial es una gesti\u00f3n hist\u00f3rica sin precedentes, pero sobre todo es la gran oportunidad que tiene Campeche para dar un fuerte imp<\/p>\n","protected":false},"author":1018,"featured_media":0,"comment_status":"open","ping_status":"open","sticky":false,"template":"","format":"standard","meta":{"tdm_status":"","tdm_grid_status":"","footnotes":""},"categories":[27],"tags":[],"_links":{"self":[{"href":"https:\/\/dralvarez.com.mx\/larevista\/wp-json\/wp\/v2\/posts\/69508"}],"collection":[{"href":"https:\/\/dralvarez.com.mx\/larevista\/wp-json\/wp\/v2\/posts"}],"about":[{"href":"https:\/\/dralvarez.com.mx\/larevista\/wp-json\/wp\/v2\/types\/post"}],"author":[{"embeddable":true,"href":"https:\/\/dralvarez.com.mx\/larevista\/wp-json\/wp\/v2\/users\/1018"}],"replies":[{"embeddable":true,"href":"https:\/\/dralvarez.com.mx\/larevista\/wp-json\/wp\/v2\/comments?post=69508"}],"version-history":[{"count":0,"href":"https:\/\/dralvarez.com.mx\/larevista\/wp-json\/wp\/v2\/posts\/69508\/revisions"}],"wp:attachment":[{"href":"https:\/\/dralvarez.com.mx\/larevista\/wp-json\/wp\/v2\/media?parent=69508"}],"wp:term":[{"taxonomy":"category","embeddable":true,"href":"https:\/\/dralvarez.com.mx\/larevista\/wp-json\/wp\/v2\/categories?post=69508"},{"taxonomy":"post_tag","embeddable":true,"href":"https:\/\/dralvarez.com.mx\/larevista\/wp-json\/wp\/v2\/tags?post=69508"}],"curies":[{"name":"wp","href":"https:\/\/api.w.org\/{rel}","templated":true}]}}