{"id":69505,"date":"2018-09-21T00:00:00","date_gmt":"2018-09-21T06:00:00","guid":{"rendered":"https:\/\/dralvarez.com.mx\/larevista\/blog\/el-gobernador-alejandro-moreno-cardenas-asistio-al-tercer-informe-de-actividades-del-poder-legislativo-29590"},"modified":"2018-09-21T00:00:00","modified_gmt":"2018-09-21T06:00:00","slug":"el-gobernador-alejandro-moreno-cardenas-asistio-al-tercer-informe-de-actividades-del-poder-legislativo-29590","status":"publish","type":"post","link":"https:\/\/dralvarez.com.mx\/larevista\/compeche\/el-gobernador-alejandro-moreno-cardenas-asistio-al-tercer-informe-de-actividades-del-poder-legislativo-29590","title":{"rendered":"El gobernador Alejandro Moreno C\u00e1rdenas asisti\u00f3 al Tercer Informe de Actividades del Poder Legislativo"},"content":{"rendered":"<p>El gobernador Alejandro Moreno C\u00e1rdenas asisti\u00f3 al Tercer Informe de Actividades del Poder Legislativo, donde recibi\u00f3 de la presidenta de la Junta de Gobierno y Administraci\u00f3n, Laura Baqueiro Ramos, una copia por escrito del documento correspondiente al per\u00edodo del primero de octubre 2017, al 30 de septiembre de 2018.<\/p>\n","protected":false},"excerpt":{"rendered":"<p>Recibi\u00f3  una copia por escrito del documento correspondiente al per\u00edodo del primero de octubre 2017, al 30 de septiembre de 2018.<\/p>\n","protected":false},"author":1018,"featured_media":0,"comment_status":"open","ping_status":"open","sticky":false,"template":"","format":"standard","meta":{"tdm_status":"","tdm_grid_status":"","footnotes":""},"categories":[27],"tags":[],"_links":{"self":[{"href":"https:\/\/dralvarez.com.mx\/larevista\/wp-json\/wp\/v2\/posts\/69505"}],"collection":[{"href":"https:\/\/dralvarez.com.mx\/larevista\/wp-json\/wp\/v2\/posts"}],"about":[{"href":"https:\/\/dralvarez.com.mx\/larevista\/wp-json\/wp\/v2\/types\/post"}],"author":[{"embeddable":true,"href":"https:\/\/dralvarez.com.mx\/larevista\/wp-json\/wp\/v2\/users\/1018"}],"replies":[{"embeddable":true,"href":"https:\/\/dralvarez.com.mx\/larevista\/wp-json\/wp\/v2\/comments?post=69505"}],"version-history":[{"count":0,"href":"https:\/\/dralvarez.com.mx\/larevista\/wp-json\/wp\/v2\/posts\/69505\/revisions"}],"wp:attachment":[{"href":"https:\/\/dralvarez.com.mx\/larevista\/wp-json\/wp\/v2\/media?parent=69505"}],"wp:term":[{"taxonomy":"category","embeddable":true,"href":"https:\/\/dralvarez.com.mx\/larevista\/wp-json\/wp\/v2\/categories?post=69505"},{"taxonomy":"post_tag","embeddable":true,"href":"https:\/\/dralvarez.com.mx\/larevista\/wp-json\/wp\/v2\/tags?post=69505"}],"curies":[{"name":"wp","href":"https:\/\/api.w.org\/{rel}","templated":true}]}}