{"id":69504,"date":"2018-09-21T00:00:00","date_gmt":"2018-09-21T06:00:00","guid":{"rendered":"https:\/\/dralvarez.com.mx\/larevista\/blog\/proyectos-de-innovacion-tecnologica-en-materia-educativa-en-la-entidad-29589"},"modified":"2018-09-21T00:00:00","modified_gmt":"2018-09-21T06:00:00","slug":"proyectos-de-innovacion-tecnologica-en-materia-educativa-en-la-entidad-29589","status":"publish","type":"post","link":"https:\/\/dralvarez.com.mx\/larevista\/compeche\/proyectos-de-innovacion-tecnologica-en-materia-educativa-en-la-entidad-29589","title":{"rendered":"Proyectos de innovaci\u00f3n tecnol\u00f3gica en materia educativa en la entidad,"},"content":{"rendered":"<p>El gobernador Alejandro Moreno C\u00e1rdenas y el director general de HP M\u00e9xico, Carlos Cort\u00e9s, iniciaron acuerdos para impulsar proyectos de innovaci\u00f3n tecnol\u00f3gica en materia educativa en la entidad, encaminados a fortalecer la formaci\u00f3n acad\u00e9mica de calidad de los alumnos campechanos. Particip\u00f3 tambi\u00e9n en la reuni\u00f3n, Ricardo S\u00e1nchez Garc\u00eda, gerente de cuentas estrat\u00e9gicas.<\/p>\n","protected":false},"excerpt":{"rendered":"<p>Particip\u00f3 tambi\u00e9n en la reuni\u00f3n, Ricardo S\u00e1nchez Garc\u00eda, gerente de cuentas estrat\u00e9gicas.<\/p>\n","protected":false},"author":1018,"featured_media":0,"comment_status":"open","ping_status":"open","sticky":false,"template":"","format":"standard","meta":{"tdm_status":"","tdm_grid_status":"","footnotes":""},"categories":[27],"tags":[],"_links":{"self":[{"href":"https:\/\/dralvarez.com.mx\/larevista\/wp-json\/wp\/v2\/posts\/69504"}],"collection":[{"href":"https:\/\/dralvarez.com.mx\/larevista\/wp-json\/wp\/v2\/posts"}],"about":[{"href":"https:\/\/dralvarez.com.mx\/larevista\/wp-json\/wp\/v2\/types\/post"}],"author":[{"embeddable":true,"href":"https:\/\/dralvarez.com.mx\/larevista\/wp-json\/wp\/v2\/users\/1018"}],"replies":[{"embeddable":true,"href":"https:\/\/dralvarez.com.mx\/larevista\/wp-json\/wp\/v2\/comments?post=69504"}],"version-history":[{"count":0,"href":"https:\/\/dralvarez.com.mx\/larevista\/wp-json\/wp\/v2\/posts\/69504\/revisions"}],"wp:attachment":[{"href":"https:\/\/dralvarez.com.mx\/larevista\/wp-json\/wp\/v2\/media?parent=69504"}],"wp:term":[{"taxonomy":"category","embeddable":true,"href":"https:\/\/dralvarez.com.mx\/larevista\/wp-json\/wp\/v2\/categories?post=69504"},{"taxonomy":"post_tag","embeddable":true,"href":"https:\/\/dralvarez.com.mx\/larevista\/wp-json\/wp\/v2\/tags?post=69504"}],"curies":[{"name":"wp","href":"https:\/\/api.w.org\/{rel}","templated":true}]}}