{"id":69499,"date":"2018-09-21T00:00:00","date_gmt":"2018-09-21T06:00:00","guid":{"rendered":"https:\/\/dralvarez.com.mx\/larevista\/blog\/encabeza-alcalde-ehh-homenaje-civico-en-el-mes-de-la-patria-29584"},"modified":"2018-09-21T00:00:00","modified_gmt":"2018-09-21T06:00:00","slug":"encabeza-alcalde-ehh-homenaje-civico-en-el-mes-de-la-patria-29584","status":"publish","type":"post","link":"https:\/\/dralvarez.com.mx\/larevista\/compeche\/encabeza-alcalde-ehh-homenaje-civico-en-el-mes-de-la-patria-29584","title":{"rendered":"Encabeza alcalde EHH homenaje c\u00edvico en el mes de la Patria"},"content":{"rendered":"<p>Al encabezar el Homenaje C\u00edvico del mes de septiembre, el alcalde de Campeche, Edgar Hern\u00e1ndez Hern\u00e1ndez agradeci\u00f3 a los integrantes del Cabildo su compromiso y responsabilidad para ver siempre por el progreso del municipio, as\u00ed como a los servidores p\u00fablicos por su desempe\u00f1o durante estos tres a\u00f1os, \u201cpodemos irnos con la convicci\u00f3n del deber cumplido\u201d.<\/p>\n<p>Acompa\u00f1ado de su esposa Enna Ortiz de Hern\u00e1ndez, presidenta del DIF Municipal; de No\u00e9l Ju\u00e1rez Castellanos, representante personal del gobernador Alejandro Moreno C\u00e1rdenas; del Secretario de la comuna, Jes\u00fas Qui\u00f1ones Loeza, Regidores y S\u00edndicos, el alcalde Hern\u00e1ndez Hern\u00e1ndez presidi\u00f3 el \u00faltimo homenaje c\u00edvico del periodo constitucional 2015-2018.<\/p>\n<p>En su mensaje, agradeci\u00f3 a los integrantes del Cabildo y le dijo que dejan precedente de un buen gobierno,<\/p>\n<p>Y destac\u00f3 que en los tres a\u00f1os de su gesti\u00f3n, se ejecutaron un total de 199 mil 400 metros cuadrados de bacheo de calles, 777 metros cuadrados de construcci\u00f3n de banquetas, y en materia de aguas residuales se pusieron en servicio 16 plantas tratadoras de las mismas.<\/p>\n<p>Observ\u00f3 que en materia de alumbrado p\u00fablico se instalaron un total de 7 mil 480 luminarias con tecnolog\u00eda LED en 55 fraccionamientos, 7 colonias, 9 unidades habitacionales, 15 comunidades rurales del municipio, 7 barrios tradicionales y en nuestro Centro Hist\u00f3rico.<\/p>\n<p>Signific\u00f3 el fortalecimiento del Sistema Municipal de Agua Potable y Alcantarillado de Campeche, que al d\u00eda de hoy depende financieramente 70 por ciento menos del gobierno municipal, y tiene una cobertura en el servicio del 98 por ciento, muy superior a la media nacional, adem\u00e1s de que increment\u00f3 en 85 por ciento su recaudaci\u00f3n al pasar de 45 a 83 millones en el ejercicio 2017, y de acuerdo a los ingresos hasta el mes de agoto del presente a\u00f1o y de mantenerse el esfuerzo recaudatorio y la disciplina financiera, podr\u00edan llegar a 100 millones de pesos al finalizar el ejercicio 2018.<\/p>\n<p>Hern\u00e1ndez Hern\u00e1ndez subray\u00f3 los logros en el Transporte Urbano Municipal, raz\u00f3n por la que la Federaci\u00f3n Nacional de Municipios de M\u00e9xico otorg\u00f3 el Premio al Buen Gobierno Municipal en materia de transporte urbano durante los a\u00f1os 2016 y 2017.<\/p>\n<p>\u201cPor otra parte de acuerdo con la encuesta nacional sobre ciudades habitables que realiza el Gabinete de Comunicaci\u00f3n Estrat\u00e9gica, durante los a\u00f1os 2016 y 217 nuestro municipio se sostuvo entre los cinco mejores del pa\u00eds. Adem\u00e1s se concluyeron cinco procesos de certificaci\u00f3n en la norma ISO 9001 2015 a igual n\u00famero de servicios brindados por el Ayuntamiento\u201d, a\u00f1adi\u00f3.<\/p>\n<p>\u201cPara nosotros siempre fue muy importante insistir en la profesionalizaci\u00f3n de los compa\u00f1eros servidores p\u00fablicos municipales. Los procesos de profesionalizaci\u00f3n impactaron a 4 mil 639 trabajadores municipales, que recibieron capacitaci\u00f3n especializada en el funcionamiento, operaci\u00f3n y organizaci\u00f3n de los servicios p\u00fablicos. Todo es para servir m\u00e1s y mejor\u201d, abund\u00f3.<\/p>\n<p>Al pr\u00f3ximo Presidente Municipal y su Cabildo dese\u00f3 el mejor de los \u00e9xitos, \u201csiempre habr\u00e1 mucho que hacer porque las ciudades crecen y la poblaci\u00f3n aumenta\u201d.<\/p>\n<p>Los honores al L\u00e1baro Patrio estuvieron a cargo de la escolta y banda de Guerra del EMSAD No. 18 de Chin\u00e1, el juramento a la bandera a cargo de Fahury Nahyr Dzul Ortiz, y la lectura de las efem\u00e9rides del mes de septiembre por Valeria Rodr\u00edguez Olivares.<\/p>\n","protected":false},"excerpt":{"rendered":"<p>Ayuntamiento de Campeche.<\/p>\n","protected":false},"author":1018,"featured_media":0,"comment_status":"open","ping_status":"open","sticky":false,"template":"","format":"standard","meta":{"tdm_status":"","tdm_grid_status":"","footnotes":""},"categories":[27],"tags":[],"_links":{"self":[{"href":"https:\/\/dralvarez.com.mx\/larevista\/wp-json\/wp\/v2\/posts\/69499"}],"collection":[{"href":"https:\/\/dralvarez.com.mx\/larevista\/wp-json\/wp\/v2\/posts"}],"about":[{"href":"https:\/\/dralvarez.com.mx\/larevista\/wp-json\/wp\/v2\/types\/post"}],"author":[{"embeddable":true,"href":"https:\/\/dralvarez.com.mx\/larevista\/wp-json\/wp\/v2\/users\/1018"}],"replies":[{"embeddable":true,"href":"https:\/\/dralvarez.com.mx\/larevista\/wp-json\/wp\/v2\/comments?post=69499"}],"version-history":[{"count":0,"href":"https:\/\/dralvarez.com.mx\/larevista\/wp-json\/wp\/v2\/posts\/69499\/revisions"}],"wp:attachment":[{"href":"https:\/\/dralvarez.com.mx\/larevista\/wp-json\/wp\/v2\/media?parent=69499"}],"wp:term":[{"taxonomy":"category","embeddable":true,"href":"https:\/\/dralvarez.com.mx\/larevista\/wp-json\/wp\/v2\/categories?post=69499"},{"taxonomy":"post_tag","embeddable":true,"href":"https:\/\/dralvarez.com.mx\/larevista\/wp-json\/wp\/v2\/tags?post=69499"}],"curies":[{"name":"wp","href":"https:\/\/api.w.org\/{rel}","templated":true}]}}