{"id":69498,"date":"2018-09-21T00:00:00","date_gmt":"2018-09-21T06:00:00","guid":{"rendered":"https:\/\/dralvarez.com.mx\/larevista\/blog\/gobernador-amc-y-equipo-de-amlo-estrechan-coordinacion-para-consolidar-el-tren-maya-29583"},"modified":"2018-09-21T00:00:00","modified_gmt":"2018-09-21T06:00:00","slug":"gobernador-amc-y-equipo-de-amlo-estrechan-coordinacion-para-consolidar-el-tren-maya-29583","status":"publish","type":"post","link":"https:\/\/dralvarez.com.mx\/larevista\/compeche\/gobernador-amc-y-equipo-de-amlo-estrechan-coordinacion-para-consolidar-el-tren-maya-29583","title":{"rendered":"Gobernador AMC y equipo de AMLO estrechan coordinaci\u00f3n para consolidar el Tren Maya"},"content":{"rendered":"<p><b>Especial\/La Revista <\/b><\/p>\n<p>El gobernador Alejandro Moreno C\u00e1rdenas encabez\u00f3 una reuni\u00f3n de trabajo con el equipo del pr\u00f3ximo gobierno federal responsable del proyecto del Tren Maya, para estrechar la coordinaci\u00f3n de esfuerzos y agilizar la integraci\u00f3n de la ruta que compete a Campeche en materia de planeaci\u00f3n, sostenibilidad y sustentabilidad ambiental, econ\u00f3mica, social y cultural.<\/p>\n<p>Moreno C\u00e1rdenas, ratific\u00f3 que para su gobierno es una prioridad la obra propuesta por Andr\u00e9s Manuel L\u00f3pez Obrador, por lo que urgi\u00f3 a las autoridades de las dependencias federales, estatales y municipales involucradas, integrar con rapidez la carpeta que se le entregar\u00e1 al pr\u00f3ximo Presidente de la Rep\u00fablica, el pr\u00f3ximo mes de octubre.<\/p>\n<p>\u201cEl proyecto no solamente lo vemos con buenos ojos, sino que lo vamos a apoyar, respaldar e impulsar porque lo estamos haciendo nuestro, creemos en \u00e9l; pido darle rapidez y velocidad a la integraci\u00f3n de la carpeta ya que es un tema prioritario para el estado, es un proyecto de todos y se tiene que sacar en tiempo y forma\u201d, inst\u00f3 el titular del Ejecutivo estatal.<\/p>\n<p>Subray\u00f3 que desde que se anunci\u00f3 la construcci\u00f3n de la obra de infraestructura, la m\u00e1s importante en el tema tur\u00edstico, comercial e industrial para la zona sur-sureste, en Campeche se conform\u00f3 un equipo de trabajo para establecer las estrategias y avanzar en el objetivo que ha planteado el presidente electo L\u00f3pez Obrador de que el 1 de diciembre inicie con las licitaciones.<\/p>\n<p>Entre los temas que se revisaron sobresalen: medio ambiente, ubicaci\u00f3n de las estaciones, planes municipales de desarrollo, cartas urbanas, manuales de protecci\u00f3n civil, fuentes de abastecimiento de agua, plantas de tratamiento, catastro y alcantarillado, entre otros.<\/p>\n<p>En el encuentro, donde estuvieron presentes Carlos Barcel\u00f3, Pablo Careaga, Alejandro Varela y Ra\u00fal Berm\u00fadez, responsables de la integraci\u00f3n del proyecto del Tren Maya por parte del pr\u00f3ximo gobierno federal, se hizo un reconocimiento a las autoridades estatales por el trabajo coordinado que han integrado para concretar el proyecto de desarrollo peninsular.<\/p>\n<p>Igualmente, asistieron el secretario general de Gobierno, Carlos Miguel Aysa Gonz\u00e1lez; los alcaldes en funciones y electos de los municipios de Calakmul, Esc\u00e1rcega y Champot\u00f3n, as\u00ed como funcionarios federales y estatales de los sectores ambiental, forestal, el\u00e9ctrico, vivienda, social, comunicaciones y transportes, estad\u00edstica y catastro.<\/p>\n<p><b>Revisan avances sobre sector energ\u00e9tico<\/b><\/p>\n<p>Por otra parte, el gobernador Alejandro Moreno C\u00e1rdenas y la pr\u00f3xima secretaria de Energ\u00eda, Roc\u00edo Nahle Garc\u00eda revisaron los avances que involucran a Campeche en el tema del sector energ\u00e9tico propuestos por el presidente electo Andr\u00e9s Manuel L\u00f3pez Obrador, como el traslado de las oficinas centrales de Petr\u00f3leos Mexicanos a Ciudad del Carmen. <\/p>\n<p>En la reuni\u00f3n de trabajo tambi\u00e9n dieron seguimiento a los proyectos de exploraci\u00f3n y extracci\u00f3n de hidrocarburos en la Sonda de Campeche, licitados en la Ronda 3.1.<\/p>\n","protected":false},"excerpt":{"rendered":"<p>Gobierno de Campeche.<\/p>\n","protected":false},"author":1018,"featured_media":0,"comment_status":"open","ping_status":"open","sticky":false,"template":"","format":"standard","meta":{"tdm_status":"","tdm_grid_status":"","footnotes":""},"categories":[27],"tags":[],"_links":{"self":[{"href":"https:\/\/dralvarez.com.mx\/larevista\/wp-json\/wp\/v2\/posts\/69498"}],"collection":[{"href":"https:\/\/dralvarez.com.mx\/larevista\/wp-json\/wp\/v2\/posts"}],"about":[{"href":"https:\/\/dralvarez.com.mx\/larevista\/wp-json\/wp\/v2\/types\/post"}],"author":[{"embeddable":true,"href":"https:\/\/dralvarez.com.mx\/larevista\/wp-json\/wp\/v2\/users\/1018"}],"replies":[{"embeddable":true,"href":"https:\/\/dralvarez.com.mx\/larevista\/wp-json\/wp\/v2\/comments?post=69498"}],"version-history":[{"count":0,"href":"https:\/\/dralvarez.com.mx\/larevista\/wp-json\/wp\/v2\/posts\/69498\/revisions"}],"wp:attachment":[{"href":"https:\/\/dralvarez.com.mx\/larevista\/wp-json\/wp\/v2\/media?parent=69498"}],"wp:term":[{"taxonomy":"category","embeddable":true,"href":"https:\/\/dralvarez.com.mx\/larevista\/wp-json\/wp\/v2\/categories?post=69498"},{"taxonomy":"post_tag","embeddable":true,"href":"https:\/\/dralvarez.com.mx\/larevista\/wp-json\/wp\/v2\/tags?post=69498"}],"curies":[{"name":"wp","href":"https:\/\/api.w.org\/{rel}","templated":true}]}}