{"id":69481,"date":"2018-09-20T00:00:00","date_gmt":"2018-09-20T06:00:00","guid":{"rendered":"https:\/\/dralvarez.com.mx\/larevista\/blog\/fgb-convocan-al-programa-de-becas-becalos-media-superior-ciclo-escolar-2018-2019-29566"},"modified":"2018-09-20T00:00:00","modified_gmt":"2018-09-20T06:00:00","slug":"fgb-convocan-al-programa-de-becas-becalos-media-superior-ciclo-escolar-2018-2019-29566","status":"publish","type":"post","link":"https:\/\/dralvarez.com.mx\/larevista\/compeche\/fgb-convocan-al-programa-de-becas-becalos-media-superior-ciclo-escolar-2018-2019-29566","title":{"rendered":"FGB convocan al programa de becas b\u00e9calos  Media superior ciclo escolar 2018-2019"},"content":{"rendered":"<p>El Gobierno del Estado de Campeche, a trav\u00e9s de la Fundaci\u00f3n Pablo Garc\u00eda (FPG), y en coordinaci\u00f3n con el Programa B\u00e9calos de Fundaci\u00f3n Televisa y la Asociaci\u00f3n de Bancos de M\u00e9xico, A. C., abre Convocatoria del Programa de Becas B\u00e9calos Media Superior Ciclo Escolar 2018-2019, a partir de este 20 de septiembre y cierra el pr\u00f3ximo 20 de octubre del a\u00f1o en curso, por lo que los interesados de nuevo ingreso y renovantes podr\u00e1n consultar las bases de la misma y realizar registro de solicitud en l\u00ednea en la p\u00e1gina <a target=\"_blank\" rel=\"nofollow noopener\" href=\"http:\/\/www.fundacionpablogarcia.gob.mx\">www.fundacionpablogarcia.gob.mx<\/a>.<\/p>\n<p>Lo anterior se acord\u00f3 durante la Sesi\u00f3n Ordinaria de Comit\u00e9 de Asignaci\u00f3n y Seguimiento de la FPG, que se llev\u00f3 a cabo \u00e9ste mi\u00e9rcoles 19 de septiembre, conformada por el director general del organismo en menci\u00f3n, Jorge Esquivel Ruiz y los representantes de los subsistemas del nivel medio superior en la entidad.<\/p>\n<p>El funcionario estatal manifest\u00f3 que entre los requisitos principales, los aspirantes a la beca deben ser residentes del Estado, estudiar en alguna de escuelas p\u00fablicas del nivel medio superior ubicadas dentro de la geograf\u00eda estatal, contar con un promedio m\u00ednimo de 8.5 en sus estudios de secundaria y bachillerato, seg\u00fan su caso; y que el ingreso de padres o tutores sea igual o menor a cuatro salarios m\u00ednimos &#8220;per c\u00e1pita&#8221;.<\/p>\n<p>Agreg\u00f3 que los interesados al momento de iniciar la solicitud, no deben contar con ninguna otra beca u apoyo de programas sociales, provenientes de los Gobiernos Federal, Estatal o Municipal; as\u00ed como reunir la dem\u00e1s documentaci\u00f3n requerida en las bases de la convocatoria, la cual record\u00f3 que estar\u00e1 vigente a trav\u00e9s del portal hasta el pr\u00f3ximo 20 de octubre.<\/p>\n<p>Precis\u00f3 que una vez reunidos dichos requisitos, podr\u00e1n realizar el llenado de la solicitud en l\u00ednea en la p\u00e1gina <a target=\"_blank\" rel=\"nofollow noopener\" href=\"http:\/\/www.fundacionpablogarcia.gob.mx\">www.fundacionpablogarcia.gob.mx<\/a>, donde una vez concluido, les dar\u00e1 la opci\u00f3n de imprimirla en formato PDF y les proporcionar\u00e1 una cita con fecha, hora y lugar para la entrega del mismo.<\/p>\n<p>Esquivel Ruiz se\u00f1al\u00f3 que ante cualquier duda o aclaraci\u00f3n, se pueden comunicar con el personal de la Fundaci\u00f3n, a trav\u00e9s de los tel\u00e9fonos 816515 \/ 81134466, as\u00ed como por los correos institucionales contacto@fundacionpablogarcia.gob.mx o sistemaenlinea@fundacionpablogarcia.gob.mx; adem\u00e1s de las cuentas oficiales de redes sociales: en Facebook e Instagram como Fundaci\u00f3n Pablo Garc\u00eda, y en Twitter como @fpablogarcia.<\/p>\n<p>Puntualiz\u00f3 que el Gobierno que dirige Alejandro Moreno C\u00e1rdenas, pone este tipo de Programas al alcance de los estudiantes como parte de sus principales compromisos con los ciudadanos, pues el objetivo es apoyar no s\u00f3lo el deseo de superaci\u00f3n educativa de j\u00f3venes campechanos con buenos resultados escolares, sino tambi\u00e9n contribuir a la econom\u00eda familiar.<\/p>\n","protected":false},"excerpt":{"rendered":"<p>Se abre Convocatoria del Programa de Becas B\u00e9calos Media Superior Ciclo Escolar 2018-2019, a partir de este 20 de septiembre y cierra el pr\u00f3ximo 20 de<\/p>\n","protected":false},"author":1018,"featured_media":0,"comment_status":"open","ping_status":"open","sticky":false,"template":"","format":"standard","meta":{"tdm_status":"","tdm_grid_status":"","footnotes":""},"categories":[27],"tags":[],"_links":{"self":[{"href":"https:\/\/dralvarez.com.mx\/larevista\/wp-json\/wp\/v2\/posts\/69481"}],"collection":[{"href":"https:\/\/dralvarez.com.mx\/larevista\/wp-json\/wp\/v2\/posts"}],"about":[{"href":"https:\/\/dralvarez.com.mx\/larevista\/wp-json\/wp\/v2\/types\/post"}],"author":[{"embeddable":true,"href":"https:\/\/dralvarez.com.mx\/larevista\/wp-json\/wp\/v2\/users\/1018"}],"replies":[{"embeddable":true,"href":"https:\/\/dralvarez.com.mx\/larevista\/wp-json\/wp\/v2\/comments?post=69481"}],"version-history":[{"count":0,"href":"https:\/\/dralvarez.com.mx\/larevista\/wp-json\/wp\/v2\/posts\/69481\/revisions"}],"wp:attachment":[{"href":"https:\/\/dralvarez.com.mx\/larevista\/wp-json\/wp\/v2\/media?parent=69481"}],"wp:term":[{"taxonomy":"category","embeddable":true,"href":"https:\/\/dralvarez.com.mx\/larevista\/wp-json\/wp\/v2\/categories?post=69481"},{"taxonomy":"post_tag","embeddable":true,"href":"https:\/\/dralvarez.com.mx\/larevista\/wp-json\/wp\/v2\/tags?post=69481"}],"curies":[{"name":"wp","href":"https:\/\/api.w.org\/{rel}","templated":true}]}}