{"id":69480,"date":"2018-09-20T00:00:00","date_gmt":"2018-09-20T06:00:00","guid":{"rendered":"https:\/\/dralvarez.com.mx\/larevista\/blog\/se-consolidan-alianzas-estrategicas-para-fortalecer-el-desarrollo-de-campeche-medina-farfan-29565"},"modified":"2018-09-20T00:00:00","modified_gmt":"2018-09-20T06:00:00","slug":"se-consolidan-alianzas-estrategicas-para-fortalecer-el-desarrollo-de-campeche-medina-farfan-29565","status":"publish","type":"post","link":"https:\/\/dralvarez.com.mx\/larevista\/compeche\/se-consolidan-alianzas-estrategicas-para-fortalecer-el-desarrollo-de-campeche-medina-farfan-29565","title":{"rendered":"Se consolidan alianzas estrat\u00e9gicas para fortalecer El desarrollo de campeche: Medina Farf\u00e1n"},"content":{"rendered":"<p>\u201cLas ideas no tienen fronteras y menos las buenas ideas, por ello, iniciativas como esta que hoy se inicia, es de suma importancia para brindar mejores condiciones a nuestros j\u00f3venes, maestros y comunidad en general porque adem\u00e1s de propiciar una educaci\u00f3n de calidad, contribuir\u00e1 al desarrollo no s\u00f3lo de Campeche sino de todo el pa\u00eds\u201d, asegur\u00f3 el secretario de Educaci\u00f3n, Ricardo Medina Farf\u00e1n, durante el lanzamiento del programa Educaci\u00f3n para el Empleo en la Alianza del Pac\u00edfico.<\/p>\n<p>En este significativo acto, donde el titular de la Secretar\u00eda de Educaci\u00f3n  (SEDUC), estuvo acompa\u00f1ado del vicepresidente de Alianzas Internacionales College and Intitutes Canada, Alain Roy, as\u00ed como del consejero de Asuntos P\u00fablicos de la Embajada de Canad\u00e1 en M\u00e9xico, Sacha Levasseur, se inform\u00f3 que esta iniciativa da inicio a una alianza, en la entidad representada por la Universidad Tecnol\u00f3gica de Campeche, del CONALEP plantel Ciudad del Carmen e instituciones canadienses.<\/p>\n<p>El vicepresidente de Alianzas Internacionales College and Intitutes Canada se\u00f1al\u00f3 que gracias a las autoridades del Estado de Campeche, autoridades mexicanas, representantes del gobierno e instituciones t\u00e9cnicas y tecnol\u00f3gicas de Canad\u00e1, se ejecuta esta colaboraci\u00f3n, la cual se integra dentro de un programa de alcance regional con los pa\u00edses miembros de la alianza del pac\u00edfico: Colombia, Chile, Per\u00fa y M\u00e9xico; denominado \u201cDesarrollo Sostenible y Competencias para el Empleo en el Sector Extractivo\u201d, ejecutado por el College and Institute Canad\u00e1, y que en Campeche tendr\u00e1 duraci\u00f3n de tres a\u00f1os.<\/p>\n<p>\u201cEsta instituci\u00f3n ha trabajado en varias regiones del mundo fomentando la formaci\u00f3n t\u00e9cnica y tecnol\u00f3gica apoyando a pa\u00edses con el programa de educaci\u00f3n para el empleo, en el cual se brinda una asistencia t\u00e9cnica en temas como desarrollo de liderazgo, formaci\u00f3n docente, desarrollo curricular, evaluaci\u00f3n de resultados, marketing social de la educaci\u00f3n t\u00e9cnica, y tiene como finalidad el crecimiento de las oportunidades socioecon\u00f3micas para hombres y mujeres en el sector extractivo, sostenible e inductivo\u201d, refiri\u00f3.<\/p>\n<p>Con ello, dijo, a nivel de instituciones de educaci\u00f3n, se permitir\u00e1 el desarrollo de programas basados en el enfoque por competencias, puesta en marcha de servicios a las empresas y el apoyo a la vinculaci\u00f3n laboral de graduados y creaci\u00f3n de empresas; adem\u00e1s, se contribuir\u00e1 a la formaci\u00f3n de recursos humanos para la f\u00e1cil inserci\u00f3n en el sector y se podr\u00e1 ver en el futuro, personas mejor preparadas para ingresarse en la vida como actores principales del desarrollo del Estado de Campeche, de M\u00e9xico y de su propia vida.<\/p>\n<p>En su intervenci\u00f3n, el secretario de Educaci\u00f3n reconoci\u00f3 la trascendencia de este acuerdo estrat\u00e9gico que representa una magn\u00edfica oportunidad en el Estado para poder desarrollar capacidades en los j\u00f3venes, fortalecer el talento de los campechanos que asisten a las instituciones con las que se inicia, pero en general para toda la comunidad.<\/p>\n<p>Asever\u00f3 que, a trav\u00e9s de este acompa\u00f1amiento, de la inversi\u00f3n que el gobierno canadiense y de la colaboraci\u00f3n de todas las instituciones participantes, el CONALEP y la UTCAM, que tienen una vocaci\u00f3n t\u00e9cnica, se fortalecer\u00e1 el desarrollo de capacidades inmediatas para la resoluci\u00f3n de todas las necesidades de un sector importante para el pa\u00eds como lo es el de hidrocarburos.<\/p>\n<p>\u201cCualquiera de estos procesos de cambio es una gran oportunidad porque esta industria representa un pilar fundamental para el pa\u00eds, por lo que tenemos que prepararnos desde este momento para los cambios que se van a desarrollar, para los cambios que las empresas van a estar demandando en cuanto a recursos humanos, t\u00e9cnicos, expertos y gente que aportar\u00e1 sus capacidades para la utilizaci\u00f3n, por eso es nuestro deber ponerlos a la vanguardia, y que esta industria siga siendo un apoyo no solo para el pa\u00eds  sino lo m\u00e1s importante, repercuta en la econom\u00eda local, que genere empleos para los j\u00f3venes, por esto tambi\u00e9n es una gran ventaja tambi\u00e9n para poder elevar la calidad educativa de sus instituciones\u201d afirm\u00f3.<\/p>\n<p>Medina Farf\u00e1n destac\u00f3 que este programa se implementar\u00e1 en dos estados de la Rep\u00fablica, siendo Campeche y Durango, pero es nuestra entidad la primera en que se pone en marcha.<\/p>\n<p>Sacha Levasseur, en nombre del gobierno canadiense, signific\u00f3 la importancia y de la alianza del pacifico; y reconoci\u00f3 que este proyecto que se lanza en Campeche, busca apoyar a los centros de informaci\u00f3n para que las comunidades locales tengan mejores oportunidades de empleo y mejores competencias tanto en miner\u00eda como en otros sectores extractivos de la regi\u00f3n, que pueden ser grandes contribuyentes del desarrollo econ\u00f3mico y a la prosperidad a largo plazo de la zona.<\/p>\n<p>\u201cCanad\u00e1 tiene el inter\u00e9s de que los j\u00f3venes se integren de manera eficiente en el mercado laboral para contribuir en el crecimiento econ\u00f3mico de Campeche y del pa\u00eds; por eso, con esto tambi\u00e9n esperamos que se incida en la captaci\u00f3n de mayores alumnos y graduados porque el crecimiento econ\u00f3mico y la creaci\u00f3n de empleo, son muy importantes para el avance de los pa\u00edses\u201d, extern\u00f3.<\/p>\n<p>Cabe mencionar que en este acto se cont\u00f3 con la presencia de representantes de instituciones integrantes del College and Institutes Canadienses tales como: Marine Institute, Niagara Falls College y C\u00e9gep de Trois-Rivi\u00e9res.<\/p>\n","protected":false},"excerpt":{"rendered":"<p>Encabeza secretario de Educaci\u00f3n inicio del programa Educaci\u00f3n para el Empleo en la Alianza del Pac\u00edfico<\/p>\n","protected":false},"author":1018,"featured_media":0,"comment_status":"open","ping_status":"open","sticky":false,"template":"","format":"standard","meta":{"tdm_status":"","tdm_grid_status":"","footnotes":""},"categories":[27],"tags":[],"_links":{"self":[{"href":"https:\/\/dralvarez.com.mx\/larevista\/wp-json\/wp\/v2\/posts\/69480"}],"collection":[{"href":"https:\/\/dralvarez.com.mx\/larevista\/wp-json\/wp\/v2\/posts"}],"about":[{"href":"https:\/\/dralvarez.com.mx\/larevista\/wp-json\/wp\/v2\/types\/post"}],"author":[{"embeddable":true,"href":"https:\/\/dralvarez.com.mx\/larevista\/wp-json\/wp\/v2\/users\/1018"}],"replies":[{"embeddable":true,"href":"https:\/\/dralvarez.com.mx\/larevista\/wp-json\/wp\/v2\/comments?post=69480"}],"version-history":[{"count":0,"href":"https:\/\/dralvarez.com.mx\/larevista\/wp-json\/wp\/v2\/posts\/69480\/revisions"}],"wp:attachment":[{"href":"https:\/\/dralvarez.com.mx\/larevista\/wp-json\/wp\/v2\/media?parent=69480"}],"wp:term":[{"taxonomy":"category","embeddable":true,"href":"https:\/\/dralvarez.com.mx\/larevista\/wp-json\/wp\/v2\/categories?post=69480"},{"taxonomy":"post_tag","embeddable":true,"href":"https:\/\/dralvarez.com.mx\/larevista\/wp-json\/wp\/v2\/tags?post=69480"}],"curies":[{"name":"wp","href":"https:\/\/api.w.org\/{rel}","templated":true}]}}