{"id":69476,"date":"2018-09-20T00:00:00","date_gmt":"2018-09-20T06:00:00","guid":{"rendered":"https:\/\/dralvarez.com.mx\/larevista\/blog\/clausuran-segunda-campana-de-labio-y-paladar-hendido-2018-sonriendo-con-el-corazon-29561"},"modified":"2018-09-20T00:00:00","modified_gmt":"2018-09-20T06:00:00","slug":"clausuran-segunda-campana-de-labio-y-paladar-hendido-2018-sonriendo-con-el-corazon-29561","status":"publish","type":"post","link":"https:\/\/dralvarez.com.mx\/larevista\/compeche\/clausuran-segunda-campana-de-labio-y-paladar-hendido-2018-sonriendo-con-el-corazon-29561","title":{"rendered":"Clausuran segunda campa\u00f1a de labio y paladar hendido 2018 \u201csonriendo con el coraz\u00f3n\u201d"},"content":{"rendered":"<p>La Segunda Campa\u00f1a de Labio y Paladar Hendido 2018, \u201cSonriendo con el Coraz\u00f3n\u201d fue clausurada por la Directora General del Sistema Estatal para el Desarrollo Integral de la Familia (SEDIF), Silvia Elena Parrao Arceo, en representaci\u00f3n de la Presidenta del Patronato del DIF Estatal, Christelle Casta\u00f1\u00f3n de Moreno y que benefici\u00f3 a 25 pacientes de los 11 municipios. Durante el acto, subray\u00f3 que el trabajo en el DIF tiene un rostro en cada acci\u00f3n que realiza, porque labora con la gente y para la gente, por ello, agradeci\u00f3 a los beneficiados la confianza puesta en la instituci\u00f3n.<\/p>\n<p>Indic\u00f3 que los servicios van dirigidos a personas de escasos recursos y que no tienen acceso a los servicios de salud o alg\u00fan tipo de seguridad social, se brindan de forma completamente gratuita, \u201cestas campa\u00f1as han marcado un precedente muy positivo en nuestra sociedad, gracias al apoyo de instituciones de salud y de las presidentas de los Sistemas DIF Municipales\u201d, subray\u00f3.<\/p>\n<p>Agradeci\u00f3, el gesto de nobleza y solidaridad del encargado de la campa\u00f1a, Rafael Ru\u00edz Rodr\u00edguez, que adem\u00e1s de coordinar, es un formador de diversas generaciones de profesionales de salud, as\u00ed como al doctor Gonzalo Boj\u00f3rquez Risue\u00f1o por su loable aportaci\u00f3n en pro de los que menos tienen.<\/p>\n<p>Parrao Arceo, inform\u00f3 que en los programas de cirug\u00edas extramuros, se benefician a la poblaci\u00f3n de todos los municipios, pero tambi\u00e9n a la interna, es decir, a los empleados que de alguna manera se les ha apoyado para que recuperen su salud.<\/p>\n<p>Se\u00f1al\u00f3 que en lo que va de la administraci\u00f3n se han beneficiado a 787 personas que han sido valoradas y atendidas con acciones quir\u00fargicas, 151.<\/p>\n<p>A nombre del equipo m\u00e9dico de la Facultad de Odontolog\u00eda de la Universidad Aut\u00f3noma de M\u00e9xico, el Ru\u00edz Rodr\u00edguez, recibi\u00f3 un reconocimiento y habl\u00f3 del gran trabajo que ha realizado con el equipo del DIF, las instituciones y con Boj\u00f3rquez Risue\u00f1o.<\/p>\n<p>Al evento, asistieron los Directores del Hospital \u201cDr. Manuel Campos\u201d, Eduardo Manuel Espadas Arn\u00e1bar; del Seguro Popular, Daniel Barreda Puga; de la Beneficencia P\u00fablica Estatal, Orlando Alvarado Rivadeneyra y de Atenci\u00f3n Social y Discapacidad, Magaly Medina Farf\u00e1n; as\u00ed como el beneficiario Daniel Tuz Cervantes.<\/p>\n","protected":false},"excerpt":{"rendered":"<p>En lo que va de la administraci\u00f3n se han beneficiado a 787 personas que han sido valoradas y atendidas con acciones quir\u00fargicas, 151.<\/p>\n","protected":false},"author":1018,"featured_media":0,"comment_status":"open","ping_status":"open","sticky":false,"template":"","format":"standard","meta":{"tdm_status":"","tdm_grid_status":"","footnotes":""},"categories":[27],"tags":[],"_links":{"self":[{"href":"https:\/\/dralvarez.com.mx\/larevista\/wp-json\/wp\/v2\/posts\/69476"}],"collection":[{"href":"https:\/\/dralvarez.com.mx\/larevista\/wp-json\/wp\/v2\/posts"}],"about":[{"href":"https:\/\/dralvarez.com.mx\/larevista\/wp-json\/wp\/v2\/types\/post"}],"author":[{"embeddable":true,"href":"https:\/\/dralvarez.com.mx\/larevista\/wp-json\/wp\/v2\/users\/1018"}],"replies":[{"embeddable":true,"href":"https:\/\/dralvarez.com.mx\/larevista\/wp-json\/wp\/v2\/comments?post=69476"}],"version-history":[{"count":0,"href":"https:\/\/dralvarez.com.mx\/larevista\/wp-json\/wp\/v2\/posts\/69476\/revisions"}],"wp:attachment":[{"href":"https:\/\/dralvarez.com.mx\/larevista\/wp-json\/wp\/v2\/media?parent=69476"}],"wp:term":[{"taxonomy":"category","embeddable":true,"href":"https:\/\/dralvarez.com.mx\/larevista\/wp-json\/wp\/v2\/categories?post=69476"},{"taxonomy":"post_tag","embeddable":true,"href":"https:\/\/dralvarez.com.mx\/larevista\/wp-json\/wp\/v2\/tags?post=69476"}],"curies":[{"name":"wp","href":"https:\/\/api.w.org\/{rel}","templated":true}]}}