{"id":69474,"date":"2018-09-20T00:00:00","date_gmt":"2018-09-20T06:00:00","guid":{"rendered":"https:\/\/dralvarez.com.mx\/larevista\/blog\/gobernador-amc-fija-bando-solemne-que-declara-presidente-electo-a-amlo-29559"},"modified":"2018-09-20T00:00:00","modified_gmt":"2018-09-20T06:00:00","slug":"gobernador-amc-fija-bando-solemne-que-declara-presidente-electo-a-amlo-29559","status":"publish","type":"post","link":"https:\/\/dralvarez.com.mx\/larevista\/compeche\/gobernador-amc-fija-bando-solemne-que-declara-presidente-electo-a-amlo-29559","title":{"rendered":"Gobernador AMC fija bando solemne que declara presidente electo a AMLO"},"content":{"rendered":"<\/p>\n<p>El gobernador<br \/>\nAlejandro Moreno C\u00e1rdenas encabez\u00f3 la ceremonia de lectura del Bando Solemne<br \/>\nque declara como presidente electo de los Estados Unidos Mexicanos a Andr\u00e9s<br \/>\nManuel L\u00f3pez Obrador, quien<br \/>\ndesempe\u00f1ar\u00e1 el cargo del 1 de diciembre de 2018 al 30 de septiembre de 2024.<\/p>\n<p>El<br \/>\nsecretario general de Gobierno, Carlos Miguel Aysa Gonz\u00e1lez fue el encargado de<br \/>\nleer el edicto en los bajos de la Biblioteca Campeche, y al t\u00e9rmino, junto con<br \/>\nel mandatario campechano fij\u00f3 a<br \/>\nla entrada del edificio el documento expedido por la C\u00e1mara de Diputados federal.<\/p>\n<p>Ante los<br \/>\ntitulares de los poderes Legislativo y Judicial, Laura Baqueiro Ramos y Miguel<br \/>\n\u00c1ngel Chuc L\u00f3pez, respectivamente, Aysa Gonz\u00e1lez  cit\u00f3 textualmente el documento que se\u00f1ala que la<br \/>\nSala Superior del Tribunal Electoral del Poder Judicial de la Federaci\u00f3n con<br \/>\nfecha 3 de septiembre de 2018 notific\u00f3 a la presidencia de la<br \/>\nMesa Directiva de la C\u00e1mara de Diputados de la LXIV Legislatura del<br \/>\nCongreso de la Uni\u00f3n, el c\u00f3mputo final de la elecci\u00f3n de presidente de la<br \/>\nRep\u00fablica, la declaraci\u00f3n de validez de los comicios y que L\u00f3pez Obrador<br \/>\nresult\u00f3 Presidente Electo.<\/p>\n<p>El documento indica<br \/>\nque el candidato que obtuvo la mayor\u00eda de los votos en la elecci\u00f3n de<br \/>\nPresidente, de acuerdo con el c\u00f3mputo final, fue el ciudadano Andr\u00e9s Manuel<br \/>\nL\u00f3pez Obrador, postulado por la Coalici\u00f3n &#8220;Juntos<br \/>\nHaremos Historia&#8221;, integrada por los partidos pol\u00edticos Morena, del<br \/>\nTrabajo y Encuentro Social.<\/p>\n<p>Precisa que el<br \/>\nciudadano Andr\u00e9s Manuel L\u00f3pez Obrador satisface los requisitos de<br \/>\nelegibilidad establecidos en los art\u00edculos 82 y 83 de la Constituci\u00f3n<br \/>\nPol\u00edtica de los Estados Unidos Mexicanos, por lo que se le declara<br \/>\nPresidente Electo para que desempe\u00f1e el cargo del 1 de diciembre del a\u00f1o<br \/>\n2018 al 30 de septiembre del 2024, y se ordena expedir la constancia de mayor\u00eda<br \/>\ny validez al ciudadano Presidente Electo.<\/p>\n<p>Atestiguaron el<br \/>\nacto, donde se enton\u00f3 el Himno Nacional Mexicano, el alcalde Edgar<br \/>\nHern\u00e1ndez Hern\u00e1ndez; la secretaria de Finanzas, Am\u00e9rica Azar P\u00e9rez; el titular<br \/>\nde la Secretar\u00eda de Planeaci\u00f3n, Ram\u00f3n Arredondo Anguiano; el fiscal general,<br \/>\nManuel Herrera Campos y el representante de la comandancia de la Tercera Regi\u00f3n<br \/>\nNaval, Eliseo Caballero Rosas.<\/p>\n<p><\/p>\n","protected":false},"excerpt":{"rendered":"<p>El documento indica que el candidato que obtuvo la mayor\u00eda de los votos en la elecci\u00f3n de Presidente<\/p>\n","protected":false},"author":1018,"featured_media":0,"comment_status":"open","ping_status":"open","sticky":false,"template":"","format":"standard","meta":{"tdm_status":"","tdm_grid_status":"","footnotes":""},"categories":[27],"tags":[],"_links":{"self":[{"href":"https:\/\/dralvarez.com.mx\/larevista\/wp-json\/wp\/v2\/posts\/69474"}],"collection":[{"href":"https:\/\/dralvarez.com.mx\/larevista\/wp-json\/wp\/v2\/posts"}],"about":[{"href":"https:\/\/dralvarez.com.mx\/larevista\/wp-json\/wp\/v2\/types\/post"}],"author":[{"embeddable":true,"href":"https:\/\/dralvarez.com.mx\/larevista\/wp-json\/wp\/v2\/users\/1018"}],"replies":[{"embeddable":true,"href":"https:\/\/dralvarez.com.mx\/larevista\/wp-json\/wp\/v2\/comments?post=69474"}],"version-history":[{"count":0,"href":"https:\/\/dralvarez.com.mx\/larevista\/wp-json\/wp\/v2\/posts\/69474\/revisions"}],"wp:attachment":[{"href":"https:\/\/dralvarez.com.mx\/larevista\/wp-json\/wp\/v2\/media?parent=69474"}],"wp:term":[{"taxonomy":"category","embeddable":true,"href":"https:\/\/dralvarez.com.mx\/larevista\/wp-json\/wp\/v2\/categories?post=69474"},{"taxonomy":"post_tag","embeddable":true,"href":"https:\/\/dralvarez.com.mx\/larevista\/wp-json\/wp\/v2\/tags?post=69474"}],"curies":[{"name":"wp","href":"https:\/\/api.w.org\/{rel}","templated":true}]}}