{"id":69464,"date":"2018-09-19T00:00:00","date_gmt":"2018-09-19T06:00:00","guid":{"rendered":"https:\/\/dralvarez.com.mx\/larevista\/blog\/gobernador-amc-encabeza-ceremonia-en-memoria-de-victimas-de-los-sismos-de-1985-y-2017-29549"},"modified":"2018-09-19T00:00:00","modified_gmt":"2018-09-19T06:00:00","slug":"gobernador-amc-encabeza-ceremonia-en-memoria-de-victimas-de-los-sismos-de-1985-y-2017-29549","status":"publish","type":"post","link":"https:\/\/dralvarez.com.mx\/larevista\/compeche\/gobernador-amc-encabeza-ceremonia-en-memoria-de-victimas-de-los-sismos-de-1985-y-2017-29549","title":{"rendered":"Gobernador AMC encabeza ceremonia en memoria de v\u00edctimas de los sismos de 1985 y 2017"},"content":{"rendered":"<\/p>\n<p>El gobernador Alejandro Moreno C\u00e1rdenas encabez\u00f3, en la Plaza de la Rep\u00fablica, la ceremonia conmemorativa del D\u00eda Nacional de Protecci\u00f3n Civil, y mont\u00f3 guardia de honor en memoria de las v\u00edctimas de los sismos de 1985 y 2017.<\/p>\n<p>Acompa\u00f1ado del titular del Poder Judicial, Miguel \u00c1ngel Chuc L\u00f3pez y del secretario de Protecci\u00f3n Civil, Gibr\u00e1n Jorge Burad Abud, el mandatario presenci\u00f3 en punto de las siete de ma\u00f1ana el toque de silencio a cargo de la banda de guerra de la 33a Zona Militar, en recuerdo de quienes perdieron la vida a causa de los terremotos, hace exactamente 33 a\u00f1os y el a\u00f1o pasado.<\/p>\n<p>En su intervenci\u00f3n, el mandatario sostuvo que los gobiernos tienen el compromiso y la responsabilidad de ser garantes de la seguridad y protecci\u00f3n de los ciudadanos, por lo que es necesario continuar trabajando conjuntamente para que los mecanismos de protecci\u00f3n civil se perfeccionen al ritmo que demanda la sociedad.<\/p>\n<p>\u201cFrente a lo impredecible, la capacidad de construir una cultura de protecci\u00f3n civil tiene que ser eficaz, basada en la prevenci\u00f3n, organizaci\u00f3n y cooperaci\u00f3n\u201d, subray\u00f3 al reafirmar el compromiso de seguir privilegiando la capacitaci\u00f3n de los servidores p\u00fablicos, la inversi\u00f3n para contar con m\u00e1s tecnolog\u00eda de vanguardia y la mejora constante de la comunicaci\u00f3n social.<\/p>\n<p>Hizo un reconocimiento al trabajo realizado por el personal de protecci\u00f3n civil, las Fuerzas Armadas, los organismos de asistencia social, los miles de ciudadanos que se han sumado voluntariamente a las labores de rescate y los medios informativos.<\/p>\n<p>Ante elementos del Ej\u00e9rcito, bomberos, personal de la SSP, de protecci\u00f3n civil, de la Cruz Roja y de la Comisi\u00f3n Federal de Electricidad, Moreno C\u00e1rdenas record\u00f3 que adem\u00e1s de que el pa\u00eds ha sido devastado por terremotos tambi\u00e9n ha sufrido los embates de los huracanes, como fue el caso de Gilberto que hace 30 a\u00f1os azot\u00f3 a la entidad y otras regiones del pa\u00eds.  <\/p>\n<p>Coment\u00f3 que ahora los esfuerzos de los tres \u00f3rdenes de gobierno est\u00e1n bien coordinados y centran su capacidad en fortalecer la respuesta inmediata y pronta ante los fen\u00f3menos naturales, y que en el caso de Campeche se cuenta con una Secretar\u00eda de Protecci\u00f3n Civil que trabaja en equipo a favor de la comunidad.<\/p>\n<p>A\u00f1adi\u00f3 que ante las manifestaciones del clima y de los movimientos tect\u00f3nicos en todo el planeta, los protocolos institucionales de actuaci\u00f3n se han hecho cada vez mas integrales y eficaces.<\/p>\n<p>Tambi\u00e9n enfatiz\u00f3 el papel fundamental que en materia de protecci\u00f3n civil ha jugado el pa\u00eds, ya que hoy miles de mexicanos est\u00e1n bien preparados y capacitados, y ante cualquier emergencia acuden a apoyar en diversas regiones de la rep\u00fablica y del mundo.<\/p>\n<p>Antes, el secretario de Protecci\u00f3n Civil destac\u00f3 que el gobernador Moreno C\u00e1rdenas ha encauzado de manera in\u00e9dita los esfuerzos de la protecci\u00f3n civil en Campeche con obras de infraestructura hidr\u00e1ulica, con m\u00e1s equipamiento, con mayor capacitaci\u00f3n y mejor coordinaci\u00f3n, pues en menos de tres a\u00f1os ha equipado m\u00e1s al cuerpo de bomberos que en los \u00faltimos 25.<\/p>\n<p>En el homenaje, donde se deposit\u00f3 una ofrenda floral y mont\u00f3 guardia de honor, tambi\u00e9n se realizaron los honores a la bandera y se entonaron los Himnos Nacional y Campechano; posteriormente se llev\u00f3 a cabo una exhibici\u00f3n de rescate de personas con vida sepultadas por escombros, a cargo de la unidad canina de la Cruz Roja.<\/p>\n<p>En esta ceremonia tambi\u00e9n estuvieron presentes elementos de la Polic\u00eda Federal, personal de la Conafor y de la Conagua, as\u00ed como alumnos de diversas instituciones educativas, entre ellas, del Cobacam, Conalep y Cecytec.<\/p>\n<p>Acompa\u00f1aron al gobernador, el alcalde Edgar Hern\u00e1ndez Hern\u00e1ndez; el secretario de Seguridad P\u00fablica, Jorge Arg\u00e1ez Uribe; en representaci\u00f3n de la 33\u00aa Zona Militar, Pedro Humberto Berm\u00fadez y el delegado de la Cruz Roja en Campeche, Alejandro Azar P\u00e9rez. <\/p>\n<\/p>\n<p><\/p>\n<p><\/p>\n<p><\/p>\n<p><\/p>\n<p><b>Palabras del gobernador del estado, Alejandro Moreno C\u00e1rdenas, durante el d\u00eda Nacional de protecci\u00f3n civil y conmemoraci\u00f3n de los sismos de 1985 y 2017<\/b><\/p>\n<p>Muy buenos d\u00edas a todos. Saludo con aprecio y con afecto a todas las autoridades que nos acompa\u00f1an en el pres\u00eddium; especialmente a todas y a todos ustedes, servidores p\u00fablicos, integrantes de la sociedad civil, que han, siempre, puesto por delante el servir a la sociedad y el atender todas y cada una de las contingencias y desastres que han ocurrido en Campeche. Agradezco a los estudiantes, amigas y amigos. Amigos de los medios de comunicaci\u00f3n.<\/p>\n<p>Hoy, con gran respeto celebramos el D\u00eda Nacional de Protecci\u00f3n Civil y conmemoramos, as\u00ed como se ha dicho, los sismos ocurridos en 1985 y en 2107. Lo hacemos conscientes del papel que nos toca desempe\u00f1ar como servidores p\u00fablicos, en favor de la sociedad campechana y de la sociedad mexicana. Las m\u00e1s complejas experiencias nos han legado, tambi\u00e9n, las m\u00e1s importantes lecciones de vida.<\/p>\n<p>Hoy, los esfuerzos de los tres \u00f3rdenes de gobierno est\u00e1n bien coordinados y centran su capacidad en fortalecer la respuesta inmediata, pronta, ante el impacto de los fen\u00f3menos naturales. Ninguna sociedad, en el pa\u00eds o en el mundo, est\u00e1 exenta de recibirlos. Estas manifestaciones del clima y de los movimientos tect\u00f3nicos de todo nuestro planeta han redefinido protocolos institucionales de actuaci\u00f3n, haci\u00e9ndolos cada vez m\u00e1s integrales y m\u00e1s eficaces.<\/p>\n<p>Y hoy quiero aprovechar para compartirlo con ustedes, M\u00e9xico ha jugado un papel fundamental en la Protecci\u00f3n Civil. Hoy, muchos mexicanos, miles de mexicanas y de mexicanos, est\u00e1n bien preparados, bien capacitados a nivel mundial; y acudimos, acuden todos ellos, a apoyar a todas y cada una de las regiones de nuestro pa\u00eds y del mundo, ante una eventualidad. En ese sentido, mucho debemos destacar la intervenci\u00f3n de nuestras Fuerzas Armadas que han procurado, siempre, acciones con el m\u00e1s alto sentido de responsabilidad y solidaridad con nuestra sociedad. A todos ellos, nuestro reconocimiento para siempre.<\/p>\n<p>Nuestro respeto absoluto y admiraci\u00f3n total al Ej\u00e9rcito, a la Marina y a la Fuerza A\u00e9rea, muchas gracias, siempre, por su respaldo y por su apoyo al pueblo de M\u00e9xico. Asimismo, quiero reconocer a los diversos cuerpos de polic\u00edas, de Cruz Roja; a los equipos de Protecci\u00f3n Civil; muy especialmente a nuestros bomberos que se encuentran con nosotros porque, tambi\u00e9n, conjuntamente con toda la sociedad, tienen una labor fundamental para apoyar a nuestra comunidad.<\/p>\n<p>De forma muy especial quiero reconocer, tambi\u00e9n, porque lo hemos vivido, hemos atendido permanentemente y hemos contado con el respaldo y con el apoyo de la sociedad civil organizada, de la sociedad civil campechana y de la sociedad civil mexicana. Toda completa ella, siempre ha participado con nuestro apoyo y con el apoyo de cada uno de ellos. Hablo de aquellas personas que de forma heroica, voluntaria, han cargado escombros y han salvado vidas poniendo en riesgo, muchas veces, la vida propia.<\/p>\n<p>Estas lecciones de valor y de entereza nos motivan, a quienes encabezamos los gobiernos y las instituciones, para ser garantes de seguridad y protecci\u00f3n de los ciudadanos. Y aprovecho, una vez m\u00e1s, para reconocer ampliamente a quien sin duda es una instituci\u00f3n noble, integrada por mujeres y hombres \u00edntegros, honestos y comprometidos, y de la cual hemos contado con su apoyo invaluable toda la vida. A la Cruz Roja Mexicana nuestro reconocimiento y agradecimiento a todas y a todos y cada uno de ustedes. Muchas gracias, siempre, por su apoyo y por su respaldo.<\/p>\n<p>Y finalmente, compartir con ustedes que esa es nuestra misi\u00f3n, siempre inspirada por la confianza depositada en nosotros y  por ello debemos cumplirla todos y cada uno de los d\u00edas, la importancia de continuar trabajando conjuntamente para que los diversos mecanismos de protecci\u00f3n civil se perfeccionen al ritmo que lo demanda nuestra sociedad. Aqu\u00ed en Campeche contamos con la Secretar\u00eda de Protecci\u00f3n Civil trabajando siempre fuerte, en equipo, coordinada, a favor del pueblo, a favor de nuestra comunidad.<\/p>\n<p>Por ello, adem\u00e1s de los terremotos que han provocado da\u00f1os cuantiosos en otras zonas del pa\u00eds, tambi\u00e9n se encuentran los eventos como los huracanes que avanzan sobre las regiones de nuestro Estado y que hemos aprendido a estar preparados para poderlos afrontar con \u00e9xito.<\/p>\n<p>Tambi\u00e9n, ciclones que han marcado nuestra historia como pueblo, el caso que todos ustedes conocen, que todos conocemos, el caso del hurac\u00e1n Gilberto que ajusta 30 a\u00f1os de haber azotado a nuestra entidad y a otros Estados hermanos de la Rep\u00fablica. Frente a lo impredecible, s\u00f3lo nuestra capacidad de construir una cultura de protecci\u00f3n civil tiene que ser eficaz, basada en la prevenci\u00f3n, en la organizaci\u00f3n y en la cooperaci\u00f3n.<\/p>\n<p>Reafirmamos el compromiso de continuar apost\u00e1ndole a la capacitaci\u00f3n de nuestros servidores p\u00fablicos, a la inversi\u00f3n para contar con m\u00e1s tecnolog\u00eda de vanguardia y a la mejora constante de la comunicaci\u00f3n social. Aprovecho para reconocer amplia y p\u00fablicamente a los medios de comunicaci\u00f3n por su trabajo decidido y comprometido cuando enfrentamos estas situaciones de desastres, y que con gran responsabilidad, con gran solidaridad, informan puntualmente para que nuestra sociedad, debidamente a tiempo, tome sus prevenciones.<\/p>\n<p>Por ello, que sea nuestro trabajo la mejor forma de patentizarle nuestra vocaci\u00f3n, nuestro servicio permanente y nuestro compromiso a la sociedad, para transmitirle certeza y seguridad ante cualquier evento que acontezca en nuestro Estado y en nuestro pa\u00eds. Les digo a todos, trabajemos juntos y trabajemos en equipo.<\/p>\n<p>Hoy la sociedad demanda servidores p\u00fablicos comprometidos, servidores p\u00fablicos decididos a tener claro que nuestra labor m\u00e1s importante es proteger, cuidar y atender a la sociedad. A todas y a todos, muchas gracias, siempre, a nombre del pueblo y del Gobierno de Campeche. Muchas gracias.<\/p>\n<p><b>Entrevista al gobernador del estado, alejandro moreno c\u00e1rdenas, al t\u00e9rmino de la celebraci\u00f3n del d\u00eda nacional de protecci\u00f3n civil y&nbsp;conmemoraci\u00f3n de los sismos de 1985 y 2017<\/b><\/p>\n<p><b><\/b>Pregunta.- Preguntarle, ayer Obras P\u00fablicas daba a conocer la suspensi\u00f3n de una obra en la calle 53, muchos comentaban que es lamentable que esto suceda por parte de los vecinos y comerciantes\u2026<\/p>\n<p>Gobernador Alejandro Moreno C\u00e1rdenas.- Sin duda, nosotros estamos trabajando siempre coordinadamente con los vecinos, con la sociedad civil organizada, pero creo firmemente que hay, siempre, tener claro que lo importante es modernizar, es dar mejores servicios, es tener no s\u00f3lo el Centro de la Ciudad sino todos los lugares transitados, avenidas, calles, en buen estado, que est\u00e9n al servicio de nuestra gente. Y, bueno, proyectos importantes que luego se impulsan, son para dar una mejor atenci\u00f3n, para tener una mayor movilidad, para darle fluidez; y, bueno, nosotros estaremos trabajando siempre en el marco y en el respeto a nuestra norma y, obviamente, los recursos siempre canalizados en las obras de inversi\u00f3n que se realizan en distintas partes de la ciudad, que siempre ser\u00e1n para la aplicaci\u00f3n de proyectos, de programas, de obras de infraestructura, a favor de los ciudadanos.<\/p>\n<p>Pregunta.- Y adem\u00e1s se trataba de un tema de inclusi\u00f3n, \u00bfno?, tambi\u00e9n\u2026<\/p>\n<p>Gobernador Alejandro Moreno C\u00e1rdenas.- As\u00ed es y, bueno, se est\u00e1 trabajando, seguiremos trabajando, le hemos dado instrucciones a la Secretar\u00eda que se ponga en contacto, en comunicaci\u00f3n y que est\u00e9 permanentemente trabajando con todos los vecinos, con quienes forman parte de esa \u00e1rea importante de la ciudad para que puedan construir, siempre, no s\u00f3lo obras importantes de infraestructura sino tener una comunicaci\u00f3n permanente para que esas obras en beneficio de los ciudadanos se lleven a cabo.<\/p>\n<p>Pregunta.- Da a conocer la Secretar\u00eda de Comunicaciones y Transportes informaci\u00f3n importante, que ya en diciembre podr\u00eda estarse aplicando el Fondo en la Secretar\u00eda de Hacienda buscando los recursos para los libramientos de Carmen y anunciaron uno tambi\u00e9n de Esc\u00e1rcega, muy importante para el tema del Tren Maya.<\/p>\n<p>Gobernador Alejandro Moreno C\u00e1rdenas.- S\u00ed, mira, estamos trabajando en ello, hemos hecho una gesti\u00f3n permanente ante el Gobierno de la Rep\u00fablica, obras importantes que hemos anunciado en una etapa de gesti\u00f3n permanente hasta que se inicien las obras.<br \/>La Secretar\u00eda de Comunicaciones y Transportes ha trabajado coordinadamente con el Gobierno del Estado, hemos trabajado siempre para generar m\u00e1s inversi\u00f3n, m\u00e1s infraestructura, atenci\u00f3n y, bueno, nuestro reconocimiento a la Secretar\u00eda de Comunicaciones y Transportes por todo su apoyo y por todo su respaldo a Campeche en estos a\u00f1os para gestionar infraestructura de primera, de calidad, al servicio de los ciudadanos.<\/p>\n<p>Y, bueno, en estas obras fundamentales como lo ser\u00eda el Libramiento de Carmen, que es una obra muy importante, es una obra de infraestructura fundamental para nuestro Estado, estaremos en la gesti\u00f3n. Y, bueno, en todas y cada una las obras que nos permitan darle mejor conectividad, mejor comunicaci\u00f3n, fluidez, al proyecto m\u00e1s importante que hoy se tiene en la Pen\u00ednsula, que ser\u00e1 el Tren Maya, que hemos estado trabajando en reuniones permanentes con un grupo intersecretarial donde habr\u00e1n de sumarse todas las expresiones del orden federal, estatal y municipal. Estamos trabajando coordinadamente con los presidentes municipales \u00bfpara qu\u00e9? Para que tengamos, a tiempo, en forma, todos los requerimientos, requisitos, planes, proyectos que estamos construyendo juntos, con el nuevo Gobierno que habr\u00e1 de encabezar el licenciado Andr\u00e9s Manuel L\u00f3pez Obrador y que, sin duda, ser\u00e1 en beneficio de todos los campechanos y para los Estados de la regi\u00f3n.<\/p>\n<p>Pregunta.- Hoy por la tarde se firma el convenio de las Zonas Econ\u00f3micas Especiales, \u00bfqu\u00e9 nos podr\u00eda comentar al respecto?<\/p>\n<p>Gobernador Alejandro Moreno C\u00e1rdenas.- Bueno, es muy importante, ustedes tienen claro que algo que ha causado una diferencia entre los municipios, entre los Estados del norte, del centro y del sur del pa\u00eds ha sido la fortaleza econ\u00f3mica de su cercan\u00eda con el norte. Hoy, lo que estamos viendo nosotros es tener una capacidad para darles est\u00edmulos a los empresarios, que haya est\u00edmulos a la inversi\u00f3n\u2026 Y de las Zonas Econ\u00f3micas Especiales, como lo digo y lo reafirmo, en una gran capacidad de gesti\u00f3n de todos los sectores, logramos que Campeche no s\u00f3lo tuviera una Zona Econ\u00f3micas Especial, tenemos dos Zonas Econ\u00f3micas Especiales. Y esto nos va a permitir detonar el sector econ\u00f3mico, comercial, industrial, tur\u00edstico en el Estado de Campeche. Fortaleceremos el Puerto de Seybaplaya, en el municipio de Champot\u00f3n; en Carmen estaremos trabajando fuertemente; y obviamente, con la integraci\u00f3n del Tren Maya se est\u00e1 planteando que haya un ramal, que tengamos una nueva propuesta que estamos trabajando, para que sea Seybaplaya considerado en este proyecto tan importante de infraestructura que es el Tren Maya.<\/p>\n<p>Porque eso nos dar\u00eda una oportunidad importante\u2026 Ah\u00ed llegar\u00eda el tema comercial, industrial y tur\u00edstico, y tendr\u00edamos una comunicaci\u00f3n con el Mundo Maya para darles certeza y certidumbre a los empresarios y a quienes inviertan aqu\u00ed en Campeche. Muy contentos, las Zonas Econ\u00f3micas Especiales seguir\u00e1n fortaleciendo el trabajo de los Estados y generar\u00e1n m\u00e1s y mejores oportunidades de empleo\u2026 Les doy un dato importante, se prev\u00e9, en las Zonas Econ\u00f3micas Especiales, que tengamos 39 empresas ancla con una inversi\u00f3n pr\u00e1cticamente de cuatro mil millones de d\u00f3lares y una generaci\u00f3n de m\u00e1s de 20 mil empleos en los pr\u00f3ximos 20 a\u00f1os. Entonces, es empleo para los campechanos, oportunidades para los j\u00f3venes, bien pagadas, bien remuneradas. Gracias.<\/p>\n<p><b><\/b><\/p>\n","protected":false},"excerpt":{"rendered":"<p>El gobernador Alejandro Moreno C\u00e1rdenas encabez\u00f3, en la Plaza de la Rep\u00fablica, la ceremonia conmemorativa del D\u00eda Nacional de Protecci\u00f3n Civil&#8230;<\/p>\n","protected":false},"author":1018,"featured_media":0,"comment_status":"open","ping_status":"open","sticky":false,"template":"","format":"standard","meta":{"tdm_status":"","tdm_grid_status":"","footnotes":""},"categories":[27],"tags":[],"_links":{"self":[{"href":"https:\/\/dralvarez.com.mx\/larevista\/wp-json\/wp\/v2\/posts\/69464"}],"collection":[{"href":"https:\/\/dralvarez.com.mx\/larevista\/wp-json\/wp\/v2\/posts"}],"about":[{"href":"https:\/\/dralvarez.com.mx\/larevista\/wp-json\/wp\/v2\/types\/post"}],"author":[{"embeddable":true,"href":"https:\/\/dralvarez.com.mx\/larevista\/wp-json\/wp\/v2\/users\/1018"}],"replies":[{"embeddable":true,"href":"https:\/\/dralvarez.com.mx\/larevista\/wp-json\/wp\/v2\/comments?post=69464"}],"version-history":[{"count":0,"href":"https:\/\/dralvarez.com.mx\/larevista\/wp-json\/wp\/v2\/posts\/69464\/revisions"}],"wp:attachment":[{"href":"https:\/\/dralvarez.com.mx\/larevista\/wp-json\/wp\/v2\/media?parent=69464"}],"wp:term":[{"taxonomy":"category","embeddable":true,"href":"https:\/\/dralvarez.com.mx\/larevista\/wp-json\/wp\/v2\/categories?post=69464"},{"taxonomy":"post_tag","embeddable":true,"href":"https:\/\/dralvarez.com.mx\/larevista\/wp-json\/wp\/v2\/tags?post=69464"}],"curies":[{"name":"wp","href":"https:\/\/api.w.org\/{rel}","templated":true}]}}